{"id":5028,"date":"2013-05-04T02:38:37","date_gmt":"2013-05-04T06:38:37","guid":{"rendered":"http:\/\/www.adufpb.org.br\/site\/?p=5028"},"modified":"2013-05-04T02:38:37","modified_gmt":"2013-05-04T06:38:37","slug":"andes-sn-lamenta-o-falecimento-do-professor-edmundo-dias","status":"publish","type":"post","link":"https:\/\/www.adufpb.org.br\/site\/andes-sn-lamenta-o-falecimento-do-professor-edmundo-dias\/","title":{"rendered":"ANDES-SN lamenta o falecimento do professor Edmundo Dias"},"content":{"rendered":"<p><a href=\"http:\/\/www.adufpb.org.br\/site\/wp-content\/uploads\/2013\/05\/professor-edmundo-fernandes-dias-falecimento-2.jpg\"><img loading=\"lazy\" decoding=\"async\" class=\"alignleft size-medium wp-image-5029\" title=\"professor edmundo fernandes dias - falecimento 2\" src=\"http:\/\/www.adufpb.org.br\/site\/wp-content\/uploads\/2013\/05\/professor-edmundo-fernandes-dias-falecimento-2-300x206.jpg\" alt=\"\" width=\"300\" height=\"206\" srcset=\"https:\/\/www.adufpb.org.br\/site\/wp-content\/uploads\/2013\/05\/professor-edmundo-fernandes-dias-falecimento-2-300x206.jpg 300w, https:\/\/www.adufpb.org.br\/site\/wp-content\/uploads\/2013\/05\/professor-edmundo-fernandes-dias-falecimento-2.jpg 436w\" sizes=\"auto, (max-width: 300px) 100vw, 300px\" \/><\/a>A not\u00edcia do falecimento do professor Edmundo Fernandes Dias foi recebida com muita tristeza pelo ANDES-SN. Edmundo Dias teve participa\u00e7\u00e3o ativa na cria\u00e7\u00e3o e constru\u00e7\u00e3o do Sindicato Nacional, al\u00e9m de especial e fundamental contribui\u00e7\u00e3o na an\u00e1lise de conjuntura em diversos momentos de crise vivenciados pela classe trabalhadora e na forma\u00e7\u00e3o sindical de in\u00fameros docentes e trabalhadores de outras categorias. Ele era docente do Instituto de Filosofia e Ci\u00eancias Humanas (IFCH) da Unicamp.<\/p>\n<p>Ainda no in\u00edcio da constitui\u00e7\u00e3o da entidade, quando era a Andes \u2013 Associa\u00e7\u00e3o dos Docentes, Edmundo ocupou o cargo de suplente na Regional S\u00e3o Paulo (1982-1984) e depois suplente da vice-presid\u00eancia da mesma regional entre 1988 e 1990. Foi 3\u00ba vice-presidente do Sindicato Nacional na gest\u00e3o 1992-1994, ocupou duas vezes o cargo de secret\u00e1rio-geral do ANDES-SN (1994-1996 e 200-2002) e 3\u00ba secret\u00e1rio entre os anos de 2004 e 2006.<\/p>\n<p><a href=\"http:\/\/www.adufpb.org.br\/site\/wp-content\/uploads\/2013\/05\/professor-edmundo-fernandes-dias-falecimento.jpg\"><img loading=\"lazy\" decoding=\"async\" class=\"alignright size-medium wp-image-5030\" title=\"professor edmundo fernandes dias - falecimento\" src=\"http:\/\/www.adufpb.org.br\/site\/wp-content\/uploads\/2013\/05\/professor-edmundo-fernandes-dias-falecimento-300x271.jpg\" alt=\"\" width=\"300\" height=\"271\" srcset=\"https:\/\/www.adufpb.org.br\/site\/wp-content\/uploads\/2013\/05\/professor-edmundo-fernandes-dias-falecimento-300x271.jpg 300w, https:\/\/www.adufpb.org.br\/site\/wp-content\/uploads\/2013\/05\/professor-edmundo-fernandes-dias-falecimento.jpg 331w\" sizes=\"auto, (max-width: 300px) 100vw, 300px\" \/><\/a>O 30\u00ba Congresso Nacional do ANDES-SN, realizado em fevereiro de 2011 em Uberl\u00e2ndia, foi o \u00faltimo evento nacional da entidade que contou com a presen\u00e7a do professor Edmundo Dias. O encontro marcou os trinta anos do Sindicato que Edmundo ajudou a construir e, naquela ocasi\u00e3o, ele foi homenageado por sua contribui\u00e7\u00e3o ao movimento docente, sindical e de luta da classe trabalhadora.<\/p>\n<p>&#8220;Amar \u00e9 um ato revolucion\u00e1rio, pois s\u00f3 os revolucion\u00e1rios amam&#8221;, dizia Edmundo Fernandes Dias.<\/p>\n<p>Leia abaixo a nota de pesar da Diretoria do ANDES-SN:<\/p>\n<p style=\"text-align: center;\"><strong>NOTA DE PESAR<\/strong><\/p>\n<p>\u00c9 com grande tristeza que comunicamos o falecimento do companheiro Edmundo Fernandes Dias ocorrido na madrugada de hoje, 3 de maio de 2013.<\/p>\n<p>Edmundo participou da constru\u00e7\u00e3o do Movimento Docente e ocupou por diversas vezes cargos na diretoria do ANDES-SN. Sua presen\u00e7a foi marcante em todas as lutas, contribuindo sempre com as elabora\u00e7\u00f5es pol\u00edticas.<\/p>\n<p>Perde o movimento docente um grande companheiro, que estar\u00e1 presente sempre em nossas lutas e em nossas a\u00e7\u00f5es.<\/p>\n<p>A Diretoria do ANDES-SN expressa o seu profundo sentimento de pesar aos familiares, amigos e colegas da Universidade Estadual de Campinas, pelo falecimento do companheiro Edmundo.<\/p>\n<p style=\"text-align: center;\">Bras\u00edlia, 3 de maio de 2013<\/p>\n<p style=\"text-align: center;\">Diretoria do ANDES-SN<\/p>\n<p><em>Fonte: ANDES-SN<\/em><\/p>\n","protected":false},"excerpt":{"rendered":"<p>A not\u00edcia do falecimento do professor Edmundo Fernandes Dias foi recebida com muita tristeza pelo ANDES-SN. Edmundo Dias teve participa\u00e7\u00e3o ativa na cria\u00e7\u00e3o e constru\u00e7\u00e3o do Sindicato Nacional, al\u00e9m de especial e fundamental contribui\u00e7\u00e3o na an\u00e1lise de conjuntura em diversos momentos de crise vivenciados pela classe trabalhadora e na forma\u00e7\u00e3o sindical de in\u00fameros docentes e&hellip;<\/p>\n","protected":false},"author":3,"featured_media":0,"comment_status":"open","ping_status":"open","sticky":false,"template":"","format":"standard","meta":{"footnotes":""},"categories":[15],"tags":[],"class_list":["post-5028","post","type-post","status-publish","format-standard","hentry","category-noticias","category-15","description-off"],"_links":{"self":[{"href":"https:\/\/www.adufpb.org.br\/site\/wp-json\/wp\/v2\/posts\/5028","targetHints":{"allow":["GET"]}}],"collection":[{"href":"https:\/\/www.adufpb.org.br\/site\/wp-json\/wp\/v2\/posts"}],"about":[{"href":"https:\/\/www.adufpb.org.br\/site\/wp-json\/wp\/v2\/types\/post"}],"author":[{"embeddable":true,"href":"https:\/\/www.adufpb.org.br\/site\/wp-json\/wp\/v2\/users\/3"}],"replies":[{"embeddable":true,"href":"https:\/\/www.adufpb.org.br\/site\/wp-json\/wp\/v2\/comments?post=5028"}],"version-history":[{"count":1,"href":"https:\/\/www.adufpb.org.br\/site\/wp-json\/wp\/v2\/posts\/5028\/revisions"}],"predecessor-version":[{"id":5031,"href":"https:\/\/www.adufpb.org.br\/site\/wp-json\/wp\/v2\/posts\/5028\/revisions\/5031"}],"wp:attachment":[{"href":"https:\/\/www.adufpb.org.br\/site\/wp-json\/wp\/v2\/media?parent=5028"}],"wp:term":[{"taxonomy":"category","embeddable":true,"href":"https:\/\/www.adufpb.org.br\/site\/wp-json\/wp\/v2\/categories?post=5028"},{"taxonomy":"post_tag","embeddable":true,"href":"https:\/\/www.adufpb.org.br\/site\/wp-json\/wp\/v2\/tags?post=5028"}],"curies":[{"name":"wp","href":"https:\/\/api.w.org\/{rel}","templated":true}]}}