{"id":498,"date":"2009-09-29T12:58:23","date_gmt":"2009-09-29T16:58:23","guid":{"rendered":"http:\/\/www.adufpb.org.br\/site\/?p=498"},"modified":"2022-06-28T10:32:52","modified_gmt":"2022-06-28T13:32:52","slug":"revista-conceitos-numero-15","status":"publish","type":"post","link":"https:\/\/www.adufpb.org.br\/site\/revista-conceitos-numero-15\/","title":{"rendered":"Revista Conceitos | n\u00ba 15 | Mar\u00e7o 2009"},"content":{"rendered":"<div class=\"wpb-content-wrapper\"><p>[vc_row][vc_column width=&#8221;1\/3&#8243;][\/vc_column][vc_column width=&#8221;1\/3&#8243;][vc_column_text]<a href=\"http:\/\/www.adufpb.org.br\/site\/wp-content\/uploads\/2014\/02\/capa-conceitos-15.jpg\"><img loading=\"lazy\" decoding=\"async\" class=\"alignleft size-medium wp-image-6451\" src=\"http:\/\/www.adufpb.org.br\/site\/wp-content\/uploads\/2014\/02\/capa-conceitos-15-230x300.jpg\" alt=\"Capa Revista Conceitos 15\" width=\"230\" height=\"300\" srcset=\"https:\/\/www.adufpb.org.br\/site\/wp-content\/uploads\/2014\/02\/capa-conceitos-15-230x300.jpg 230w, https:\/\/www.adufpb.org.br\/site\/wp-content\/uploads\/2014\/02\/capa-conceitos-15.jpg 460w\" sizes=\"auto, (max-width: 230px) 100vw, 230px\" \/><\/a>[\/vc_column_text][vc_column_text]<\/p>\n<p style=\"text-align: center;\">Acesse a publica\u00e7\u00e3o.<\/p>\n<p style=\"text-align: center;\"><a href=\"http:\/\/issuu.com\/adufpb\/docs\/revista_conceitos_-_ed_15_-_mar_o_2009\" target=\"_blank\" rel=\"noopener noreferrer\">Vers\u00e3o Flip.<\/a><\/p>\n<p style=\"text-align: center;\"><a href=\"http:\/\/www.adufpb.org.br\/site\/wp-content\/uploads\/2009\/09\/REVISTA-CONCEITOS-15.pdf\" target=\"_blank\" rel=\"noopener noreferrer\">Vers\u00e3o PDF.<\/a><\/p>\n<p>[\/vc_column_text][\/vc_column][vc_column width=&#8221;1\/3&#8243;][\/vc_column][\/vc_row]<\/p>\n<\/div>","protected":false},"excerpt":{"rendered":"<p>Educa\u00e7\u00e3o, Pol\u00edtica, Ci\u00eancia, Arte e Cultura Popular<\/p>\n","protected":false},"author":1,"featured_media":499,"comment_status":"open","ping_status":"open","sticky":false,"template":"","format":"standard","meta":{"footnotes":""},"categories":[21],"tags":[62],"class_list":["post-498","post","type-post","status-publish","format-standard","has-post-thumbnail","hentry","category-conceitos","tag-revista-conceitos","category-21","description-off"],"_links":{"self":[{"href":"https:\/\/www.adufpb.org.br\/site\/wp-json\/wp\/v2\/posts\/498","targetHints":{"allow":["GET"]}}],"collection":[{"href":"https:\/\/www.adufpb.org.br\/site\/wp-json\/wp\/v2\/posts"}],"about":[{"href":"https:\/\/www.adufpb.org.br\/site\/wp-json\/wp\/v2\/types\/post"}],"author":[{"embeddable":true,"href":"https:\/\/www.adufpb.org.br\/site\/wp-json\/wp\/v2\/users\/1"}],"replies":[{"embeddable":true,"href":"https:\/\/www.adufpb.org.br\/site\/wp-json\/wp\/v2\/comments?post=498"}],"version-history":[{"count":11,"href":"https:\/\/www.adufpb.org.br\/site\/wp-json\/wp\/v2\/posts\/498\/revisions"}],"predecessor-version":[{"id":26944,"href":"https:\/\/www.adufpb.org.br\/site\/wp-json\/wp\/v2\/posts\/498\/revisions\/26944"}],"wp:featuredmedia":[{"embeddable":true,"href":"https:\/\/www.adufpb.org.br\/site\/wp-json\/wp\/v2\/media\/499"}],"wp:attachment":[{"href":"https:\/\/www.adufpb.org.br\/site\/wp-json\/wp\/v2\/media?parent=498"}],"wp:term":[{"taxonomy":"category","embeddable":true,"href":"https:\/\/www.adufpb.org.br\/site\/wp-json\/wp\/v2\/categories?post=498"},{"taxonomy":"post_tag","embeddable":true,"href":"https:\/\/www.adufpb.org.br\/site\/wp-json\/wp\/v2\/tags?post=498"}],"curies":[{"name":"wp","href":"https:\/\/api.w.org\/{rel}","templated":true}]}}