{"id":4949,"date":"2013-04-19T22:48:26","date_gmt":"2013-04-20T02:48:26","guid":{"rendered":"http:\/\/www.adufpb.org.br\/site\/?p=4949"},"modified":"2013-04-19T22:48:26","modified_gmt":"2013-04-20T02:48:26","slug":"assembleia-professores-discutem-agenda-de-mobilizacao","status":"publish","type":"post","link":"https:\/\/www.adufpb.org.br\/site\/assembleia-professores-discutem-agenda-de-mobilizacao\/","title":{"rendered":"Assembleia: professores discutem agenda de mobiliza\u00e7\u00e3o"},"content":{"rendered":"<p><a href=\"http:\/\/www.adufpb.org.br\/site\/wp-content\/uploads\/2013\/04\/foto.jpg\"><img loading=\"lazy\" decoding=\"async\" class=\"size-medium wp-image-4950 alignright\" title=\"Assembleia 16.04.2013\" src=\"http:\/\/www.adufpb.org.br\/site\/wp-content\/uploads\/2013\/04\/foto-300x224.jpg\" alt=\"\" width=\"300\" height=\"224\" srcset=\"https:\/\/www.adufpb.org.br\/site\/wp-content\/uploads\/2013\/04\/foto-300x224.jpg 300w, https:\/\/www.adufpb.org.br\/site\/wp-content\/uploads\/2013\/04\/foto-1024x764.jpg 1024w, https:\/\/www.adufpb.org.br\/site\/wp-content\/uploads\/2013\/04\/foto.jpg 1296w\" sizes=\"auto, (max-width: 300px) 100vw, 300px\" \/><\/a><\/p>\n<p>Por falta de quorum e em aten\u00e7\u00e3o aos presentes, a assembleia geral dos professores &#8211; que seria realiza na \u00faltima quarta-feira (17\/4), em Jo\u00e3o Pessoa, e na quinta-feira (18\/4), em Areia e Bananeiras &#8211; teve car\u00e1ter de reuni\u00e3o e debateu a agenda de mobiliza\u00e7\u00e3o dos servidores p\u00fablicos federais.<\/p>\n<p>Com a presen\u00e7a de 47 professores em Jo\u00e3o Pessoa e de 13 em Bananeiras (em Areia a reuni\u00e3o terminou n\u00e3o acontecendo pela reduzida quantidade de participantes), n\u00e3o se alcan\u00e7ou o n\u00famero m\u00ednimo de 120 docentes, mas mesmo assim a reuni\u00e3o contou com ativa participa\u00e7\u00e3o dos presentes, que apresentaram informes e discutiram as propostas de mobiliza\u00e7\u00e3o.<\/p>\n<p>A pr\u00f3xima assembleia ficou agendada para o dia 21 de maio e acontecer\u00e1 simultaneamente em todos os campi. Na pauta est\u00e3o: an\u00e1lise do relat\u00f3rio da comiss\u00e3o de presta\u00e7\u00e3o de contas da ADUFPB e escolha da comiss\u00e3o eleitoral para as elei\u00e7\u00f5es do sindicato (tema que havia sido inclu\u00eddo na pauta da reuni\u00e3o desta semana, mas que n\u00e3o p\u00f4de ser votado por falta de quorum).<\/p>\n<p>Na reuni\u00e3o de Jo\u00e3o Pessoa, os professores aprovaram quatro nomes para integrar o grupo de dez docentes que ir\u00e3o participar da Marcha a Bras\u00edlia, que acontecer\u00e1 no dia 24 de abril. Foram escolhidos os professores Francileide de Ara\u00fajo (Franci), Jailson da Silva, M\u00e1rcio e Carlos Cartaxo. Al\u00e9m desses, tamb\u00e9m v\u00e3o integrar o grupo (que viajar\u00e1 de avi\u00e3o a Bras\u00edlia na manh\u00e3 do dia 24) tr\u00eas representantes da diretoria, um representante do campi de Areia, outro de Bananeiras e outro do Litoral Norte.<\/p>\n<p>O presidente da ADUFPB, Ricardo Lucena, deu in\u00edcio \u00e0 assembleia de Jo\u00e3o Pessoa apresentando os informes da Diretoria. Ele apresentou a agenda de atividades definida na \u00faltima reuni\u00e3o do Setor das Ifes (Institui\u00e7\u00f5es Federais de Ensino) do Andes-SN, nos dias 6 e 7 de abril, em Bras\u00edlia. Confira abaixo o cronograma:<\/p>\n<p style=\"padding-left: 60px;\"><strong>Agenda de mobiliza\u00e7\u00e3o<\/strong><\/p>\n<p style=\"padding-left: 60px;\">a) at\u00e9 15\/04 \u2013 dar sequ\u00eancia ao Plebiscito da Empresa Brasileira de Servi\u00e7os Hospitalares; (prorrogado para o dia 19)<\/p>\n<p style=\"padding-left: 60px;\">b) at\u00e9 20\/04 \u2013 finalizar as respostas ao formul\u00e1rio eletr\u00f4nico da pesquisa sobre as condi\u00e7\u00f5es de trabalho nas IFE;<\/p>\n<p style=\"padding-left: 60px;\">c) dia 24\/04 \u2013 Marcha a Bras\u00edlia, press\u00e3o sobre o Minist\u00e9rio do Planejamento para responder a pauta dos servidores p\u00fablicos federais (SPFs), lan\u00e7amento da Revista Dossi\u00ea Den\u00fancia Precariza\u00e7\u00e3o e plen\u00e1ria da frente de lutas pela aplica\u00e7\u00e3o imediata de 10% do PIB na educa\u00e7\u00e3o p\u00fablica em frente ao MEC;<\/p>\n<p style=\"padding-left: 60px;\">d) at\u00e9 a pr\u00f3xima reuni\u00e3o do Setor &#8211; entrega da Revista Dossi\u00ea Den\u00fancia sobre precariza\u00e7\u00e3o das condi\u00e7\u00f5es de trabalho nas Comiss\u00f5es de Educa\u00e7\u00e3o da C\u00e2mara e do Senado, convocando a CNM;<\/p>\n<p style=\"padding-left: 60px;\">e) de 25\/04 at\u00e9 24\/05 &#8211; dar sequ\u00eancia \u00e0s a\u00e7\u00f5es de luta nas esferas de a\u00e7\u00e3o unificada com os SPF e Espa\u00e7o de Unidade de A\u00e7\u00e3o, assumindo os desdobramentos destas lutas nos Estados em unidade com as demais categorias cujos principais eixos s\u00e3o: campanha unificada 2013 dos SPF; campanha pela anula\u00e7\u00e3o da Reforma da Previd\u00eancia e a luta contra a EBSERH (Empresa Brasileira de Servi\u00e7os Hospitalares);<\/p>\n<p style=\"padding-left: 60px;\">f) dia 01\/05 \u2013 participar das atividades do Dia do Trabalhador;<\/p>\n<p style=\"padding-left: 60px;\">g) at\u00e9 24\/05 \u2013 dar sequ\u00eancia a luta a luta espec\u00edfica do Setor intensificando as a\u00e7\u00f5es de mobiliza\u00e7\u00e3o tendo como eixo a jornada de luta da categoria;<\/p>\n<p style=\"padding-left: 60px;\">h) de 15\/04 a 15\/05 \u2013 Rodada Nacional de Assembleias Gerais dos docentes das IFE em todas as Se\u00e7\u00f5es Sindicais;<\/p>\n<p style=\"padding-left: 60px;\">i) de 20 a 24\/05 \u2013 Jornada de Lutas da Categoria por condi\u00e7\u00f5es de trabalho e reestrutura\u00e7\u00e3o da carreira, promovendo debates, semin\u00e1rios, panfletagem, lan\u00e7amento local da Revista Dossi\u00ea Den\u00fancia sobre precariza\u00e7\u00e3o das condi\u00e7\u00f5es de trabalho;<\/p>\n<p style=\"padding-left: 60px;\">j) dia 22\/05 \u2013 Dia Nacional de Paralisa\u00e7\u00e3o dos docentes das IFE, dentro da Jornada de Lutas da Categoria;<\/p>\n<p style=\"padding-left: 60px;\">l) dias 24 e 25\/05 \u2013 Reuni\u00e3o do Setor das IFES em Bras\u00edlia;<\/p>\n<p style=\"padding-left: 60px;\">m) dia 26\/05 \u2013 Plen\u00e1ria Nacional da CNESF;<\/p>\n<p style=\"padding-left: 60px;\">n) at\u00e9 30\/05 &#8211; dar sequ\u00eancia a coleta de assinatura pela anula\u00e7\u00e3o da reforma da previd\u00eancia.<\/p>\n<p>&nbsp;<\/p>\n<p><a href=\"http:\/\/portal.andes.org.br\/imprensa\/noticias\/imp-ult-1865668878.pdf\" target=\"_blank\">Clique aqui para ler o relat\u00f3rio completo da reuni\u00e3o do Setor das Ifes.<\/a><\/p>\n<p>Sobre o plebiscito contra a Ebserh, Ricardo Lucena lembrou que os professores ainda podem participar da vota\u00e7\u00e3o at\u00e9 sexta-feira (19\/4), na sede da ADUFPB. \u201cL\u00e1, os professores ter\u00e3o acesso tamb\u00e9m a um informativo que explica os efeitos que a Empresa Brasileira de Servi\u00e7os Hospitalares ter\u00e1 sobre os hospitais universit\u00e1rios\u201d, afirmou Lucena. Segundo ele, o plebiscito nacional deve ser entregue ao Supremo Tribunal Federal no dia 9 de junho.<\/p>\n<p><a href=\"http:\/\/www.adufpb.org.br\/site\/wp-content\/uploads\/2013\/04\/foto-1.jpg\"><img loading=\"lazy\" decoding=\"async\" class=\"size-medium wp-image-4953 alignleft\" title=\"foto (1)\" src=\"http:\/\/www.adufpb.org.br\/site\/wp-content\/uploads\/2013\/04\/foto-1-224x300.jpg\" alt=\"\" width=\"224\" height=\"300\" srcset=\"https:\/\/www.adufpb.org.br\/site\/wp-content\/uploads\/2013\/04\/foto-1-224x300.jpg 224w, https:\/\/www.adufpb.org.br\/site\/wp-content\/uploads\/2013\/04\/foto-1-764x1024.jpg 764w, https:\/\/www.adufpb.org.br\/site\/wp-content\/uploads\/2013\/04\/foto-1.jpg 968w\" sizes=\"auto, (max-width: 224px) 100vw, 224px\" \/><\/a>Outro informe apresentado pelo presidente da ADUFPB foi em rela\u00e7\u00e3o ao Encontro Regional de Assuntos de Aposentadoria, que ser\u00e1 realizado nos dias 23 e 24 de abril, no audit\u00f3rio da Reitoria, em Jo\u00e3o Pessoa. O evento vai contar com a participa\u00e7\u00e3o do 1\u00ba vice-presidente do ANDES-SN, Luiz Henrique Schuch, e de um representante do Movimento dos Servidores Aposentados e Pensionistas (Mosap).<\/p>\n<p>Ricardo Lucena tamb\u00e9m falou sobre o andamento da comiss\u00e3o pr\u00f3-estatuinte, formada pela ADUFPB, com a presen\u00e7a de sete professores sindicalizados, para discutir os pontos a serem apresentados \u00e0 comiss\u00e3o que far\u00e1 a reforma do estatuto da UFPB. Segundo Lucena, o grupo tem se reunido constantemente e pretende marcar uma reuni\u00e3o com a reitora, Margareth Diniz, para tratar da possibilidade de forma\u00e7\u00e3o de uma comiss\u00e3o mais ampla para dar seguimento \u00e0s discuss\u00f5es.<\/p>\n<p><strong>Geap<\/strong><\/p>\n<p>O professor Clodoaldo da Silveira Costa apresentou informe a respeito da Geap \u2013 Funda\u00e7\u00e3o de Seguridade Social (operadora de plano de sa\u00fade que atende parte dos professores da UFPB), que est\u00e1 sob interven\u00e7\u00e3o da Superintend\u00eancia Nacional de Previd\u00eancia Complementar (Previc) desde o dia 27 de mar\u00e7o.<\/p>\n<p>Segundo nota da pr\u00f3pria Geap <a href=\"http:\/\/www.adufpb.org.br\/site\/previc-decreta-intervencao-na-geap\/\" target=\"_blank\">(veja aqui)<\/a>, a medida n\u00e3o afeta o atendimento dos segurados. Entretanto, segundo o professor Clodoaldo, o Conselho Consultivo da Geap (do qual ele fez parte) est\u00e1 preocupado com o assunto e acompanhando de perto os acontecimentos. \u201cVamos aguardar a publica\u00e7\u00e3o de um ac\u00f3rd\u00e3o, que vai definir quais os rumos que ser\u00e3o tomados de agora em diante\u201d, informou. \u201c\u00c9 preciso estar atento e quem tiver qualquer tipo de problema deve se dirigir ao sindicato para denunciar o fato\u201d.<\/p>\n<p><strong>Precat\u00f3rios e PEC 555<\/strong><\/p>\n<p>Outro que apresentou informes foi o professor Jos\u00e9 Ant\u00f4nio. Ele lembrou que o Supremo Tribunal Federal (STF) recentemente refor\u00e7ou para todos os Tribunal de Justi\u00e7a do Pa\u00eds que o pagamento dos precat\u00f3rios deve continuar sendo realizando. \u201cO gverno tentou de todas as formas suspender o pagamento dos precat\u00f3rios. E o ministro Luiz Fux [STF] reafirmou na m\u00eddia que os pagamentos n\u00e3o podem ser feitos a longo prazo como o governo queria\u201d, disse o professor Jos\u00e9 Ant\u00f4nio.<\/p>\n<p>Ele falou ainda sobre a quest\u00e3o da Proposta de Emenda Constitucional 555\/2006, que trata da extin\u00e7\u00e3o gradual da cobran\u00e7a de contribui\u00e7\u00e3o previdenci\u00e1ria sobre os proventos pagos pela Previd\u00eancia P\u00fablica aos inativos. Segundo Jos\u00e9 Ant\u00f4nio, em conversa com um representante do Movimento dos Servidores Aposentados e Pensionistas, foi informado de que na C\u00e2mara dos Deputados tramita um pedido para que a PEC seja colocada logo na pauta, mas o governo vem tentando evitar a vota\u00e7\u00e3o.<\/p>\n<p><strong>Encontro da Regional e UEPB<\/strong><\/p>\n<p><a href=\"http:\/\/www.adufpb.org.br\/site\/wp-content\/uploads\/2013\/04\/foto-2.jpg\"><img loading=\"lazy\" decoding=\"async\" class=\"size-medium wp-image-4952 alignright\" title=\"foto (2)\" src=\"http:\/\/www.adufpb.org.br\/site\/wp-content\/uploads\/2013\/04\/foto-2-300x224.jpg\" alt=\"\" width=\"300\" height=\"224\" srcset=\"https:\/\/www.adufpb.org.br\/site\/wp-content\/uploads\/2013\/04\/foto-2-300x224.jpg 300w, https:\/\/www.adufpb.org.br\/site\/wp-content\/uploads\/2013\/04\/foto-2-1024x764.jpg 1024w, https:\/\/www.adufpb.org.br\/site\/wp-content\/uploads\/2013\/04\/foto-2.jpg 1296w\" sizes=\"auto, (max-width: 300px) 100vw, 300px\" \/><\/a>Mais informes foram apresentados pelo professor Pablo Andrada. Ele lembrou que ser\u00e1 realizado nos dias 19 e 20 de abril, em Mossor\u00f3 (RN), o 3\u00ba Encontro da Regional Nordeste II do Andes-SN. O evento abordar\u00e1 o tema \u201cDesafios para constru\u00e7\u00e3o de um projeto de Universidade\u201d e ter\u00e1 como debatedor o 2\u00ba secret\u00e1rio do ANDES-SN, Paulo Rizzo.<\/p>\n<p>Pablo Andrada tamb\u00e9m destacou a greve da UEPB, que j\u00e1 dura quase dois meses. Segundo ele, na \u00faltima ter\u00e7a-feira (16\/4), o Minist\u00e9rio P\u00fablico da Para\u00edba pediu a decreta\u00e7\u00e3o da ilegalidade do movimento. \u201cPe\u00e7o que n\u00f3s nos solidarizemos com os trabalhadores da UEPB nessa luta\u201d, declarou, lembrando que o sindicato dos professores da UEPB tamb\u00e9m \u00e9 base do Andes &#8211; Sindicato Nacional.<\/p>\n<p><strong>Contas da ADUFPB<\/strong><\/p>\n<p>Outro assunto discutido durante a reuni\u00e3o foi o relat\u00f3rio da comiss\u00e3o de presta\u00e7\u00e3o de contas do Conselho de Representantes do Sindicato. O professor Daniel Antiquera questionou o fato de n\u00e3o ter sido inclu\u00edda na pauta desta semana a an\u00e1lise do documento, como ficou acertado na \u00faltima assembleia <a href=\"http:\/\/www.adufpb.org.br\/site\/assembleia-dos-professores-aprova-contas-e-define-delegados-para-congresso-do-andes\/\" target=\"_blank\">(veja mais informa\u00e7\u00f5es aqui)<\/a>.<\/p>\n<p>Na ocasi\u00e3o, o professor Daniel, que integra a comiss\u00e3o de presta\u00e7\u00e3o de contas, informou que as contas foram aprovadas, mas havia detalhes que deveriam ser melhor analisado pelos professores em assembleia. Ricardo Lucena reconheceu que o ponto deveria ter sido inclu\u00eddo na pauta desta semana, mas garantiu que a falha ser\u00e1 corrigida na pr\u00f3xima assembleia.<\/p>\n<p>J\u00e1 a professora H\u00e9lida Cavalcante, tesoureira da ADUFPB, explicou que havia elaborado um relat\u00f3rio destrinchando ponto a ponto a presta\u00e7\u00e3o de contas do Sindicato para que a assembleia de professores pudesse compreender melhor o documento. A apresenta\u00e7\u00e3o, entretanto, n\u00e3o foi feita por falta de quorum esta semana, mas ser\u00e1 inclu\u00edda na pr\u00f3xima reuni\u00e3o.<\/p>\n<p><em>Fonte: Ascom ADUFPB<\/em><\/p>\n","protected":false},"excerpt":{"rendered":"<p>Por falta de quorum e em aten\u00e7\u00e3o aos presentes, a assembleia geral dos professores &#8211; que seria realiza na \u00faltima quarta-feira (17\/4), em Jo\u00e3o Pessoa, e na quinta-feira (18\/4), em Areia e Bananeiras &#8211; teve car\u00e1ter de reuni\u00e3o e debateu a agenda de mobiliza\u00e7\u00e3o dos servidores p\u00fablicos federais. Com a presen\u00e7a de 47 professores em&hellip;<\/p>\n","protected":false},"author":3,"featured_media":0,"comment_status":"open","ping_status":"open","sticky":false,"template":"","format":"standard","meta":{"footnotes":""},"categories":[15],"tags":[816,285,326,25],"class_list":["post-4949","post","type-post","status-publish","format-standard","hentry","category-noticias","tag-assembleia","tag-campanha-salarial-2013","tag-campanha-unificada-2013","tag-carreira-docente","category-15","description-off"],"_links":{"self":[{"href":"https:\/\/www.adufpb.org.br\/site\/wp-json\/wp\/v2\/posts\/4949","targetHints":{"allow":["GET"]}}],"collection":[{"href":"https:\/\/www.adufpb.org.br\/site\/wp-json\/wp\/v2\/posts"}],"about":[{"href":"https:\/\/www.adufpb.org.br\/site\/wp-json\/wp\/v2\/types\/post"}],"author":[{"embeddable":true,"href":"https:\/\/www.adufpb.org.br\/site\/wp-json\/wp\/v2\/users\/3"}],"replies":[{"embeddable":true,"href":"https:\/\/www.adufpb.org.br\/site\/wp-json\/wp\/v2\/comments?post=4949"}],"version-history":[{"count":9,"href":"https:\/\/www.adufpb.org.br\/site\/wp-json\/wp\/v2\/posts\/4949\/revisions"}],"predecessor-version":[{"id":4962,"href":"https:\/\/www.adufpb.org.br\/site\/wp-json\/wp\/v2\/posts\/4949\/revisions\/4962"}],"wp:attachment":[{"href":"https:\/\/www.adufpb.org.br\/site\/wp-json\/wp\/v2\/media?parent=4949"}],"wp:term":[{"taxonomy":"category","embeddable":true,"href":"https:\/\/www.adufpb.org.br\/site\/wp-json\/wp\/v2\/categories?post=4949"},{"taxonomy":"post_tag","embeddable":true,"href":"https:\/\/www.adufpb.org.br\/site\/wp-json\/wp\/v2\/tags?post=4949"}],"curies":[{"name":"wp","href":"https:\/\/api.w.org\/{rel}","templated":true}]}}