{"id":4942,"date":"2013-04-18T10:48:45","date_gmt":"2013-04-18T14:48:45","guid":{"rendered":"http:\/\/www.adufpb.org.br\/site\/?p=4942"},"modified":"2013-04-18T10:48:45","modified_gmt":"2013-04-18T14:48:45","slug":"andes-sn-anel-e-entidades-da-educacao-reforcam-chamado-a-marcha-do-dia-24","status":"publish","type":"post","link":"https:\/\/www.adufpb.org.br\/site\/andes-sn-anel-e-entidades-da-educacao-reforcam-chamado-a-marcha-do-dia-24\/","title":{"rendered":"ANDES-SN, Anel e entidades da educa\u00e7\u00e3o refor\u00e7am chamado \u00e0 Marcha do dia 24"},"content":{"rendered":"<p><em>Convocat\u00f3ria Unificada: \u201ctodas e todos a Bras\u00edlia lutar pelo investimento de 10% do PIB j\u00e1 para construir nosso projeto de educa\u00e7\u00e3o p\u00fablica!\u201d<\/em><\/p>\n<p>No dia 24 de abril ser\u00e1 realizada uma grande Marcha a Bras\u00edlia impulsionada por diversas entidades e movimentos sociais como CSP-Conlutas, ANDES-SN, Sinasefe, Condsef, \u201cCUT pode mais\u201d, Intersindical, Cobap, Luta Popular, Fenasps e Anel. A Marcha visa a defender os trabalhadores e se opor \u00e0 pol\u00edtica econ\u00f4mica do governo federal que privilegia o capital. As entidades s\u00e3o contr\u00e1rias ao Acordo Coletivo Especial (ACE) que flexibiliza os direitos trabalhistas, e \u00e0 Reforma da Previd\u00eancia que ataca a aposentadoria, aumentando o tempo de contribui\u00e7\u00e3o dos trabalhadores. Ser\u00e1 exigida a anula\u00e7\u00e3o da Reforma da Previd\u00eancia de 2003, comprovadamente comprada com o repasse de verbas do mensal\u00e3o.<\/p>\n<p>A Marcha se configura como uma estrat\u00e9gia de unifica\u00e7\u00e3o da classe trabalhadora e da juventude brasileira contra os ataques do governo federal aos interesses dos trabalhadores. Ser\u00e1 tamb\u00e9m uma excelente oportunidade para fortalecer nossa unidade e independ\u00eancia e reerguer as pautas e lutas acumuladas com a Greve da Educa\u00e7\u00e3o de 2012, a maior da \u00faltima d\u00e9cada. Foram mais de tr\u00eas meses com assembleias massivas e grandes manifesta\u00e7\u00f5es, que entraram para hist\u00f3ria do movimento de docentes, t\u00e9cnico-administrativos, estudantes, e do conjunto do funcionalismo federal. Durante este per\u00edodo, o funcionamento democr\u00e1tico dos Comandos Nacionais de Greve de cada categoria aglutinou uma Pauta Nacional de reivindica\u00e7\u00f5es que foi apresentada ao minist\u00e9rio da educa\u00e7\u00e3o e ao governo federal.<\/p>\n<p>Essa pauta est\u00e1 ancorada no projeto de educa\u00e7\u00e3o das entidades e contr\u00e1ria \u00e0s reformas neoliberais. Desde a \u00e9poca da ditadura, com o acordo MEC\/Usaid, vem se tentando implementar um modelo de Universidade que sirva ao mercado, que tem a educa\u00e7\u00e3o como mero insumo do capital. Nessa esteira o governo Lula implantou o Reuni utilizando o discurso da expans\u00e3o do sistema federal em bases or\u00e7ament\u00e1rias insuficientes e sem autonomia. Isso resultou na expans\u00e3o das vagas para alunos ancorados na precariza\u00e7\u00e3o das condi\u00e7\u00f5es de trabalho e na falta de docentes e t\u00e9cnico-administrativos e de infraestrutura adequada para o trip\u00e9 ensino, pesquisa e extens\u00e3o.<\/p>\n<p>As entidades defendem um projeto de educa\u00e7\u00e3o p\u00fablica, gratuita, democr\u00e1tica, laica, de qualidade e socialmente referenciada que expressa o compromisso dos Movimentos dos docentes, t\u00e9cnicos e de estudantes, com a qualidade e a responsabilidade social do trabalho acad\u00eamico e com a constru\u00e7\u00e3o de uma sociedade justa e igualit\u00e1ria. Na defesa desse projeto, docentes, t\u00e9cnicos-administrativo e estudantes constru\u00edram uma s\u00e9rie de atividades unit\u00e1rias em oposi\u00e7\u00e3o \u00e0 pol\u00edtica educacional em curso lastreada nos interesses do Banco Mundial, em defesa da qualidade do ensino p\u00fablico e dos nossos direitos.<\/p>\n<p>Por isso as entidades marchar\u00e3o \u00e0 Bras\u00edlia em 24 de abril e cobrar\u00e3o do governo Dilma e do ministro da Educa\u00e7\u00e3o, Aloizio Mercadante, o atendimento das pautas acumuladas com a greve. A Marcha ser\u00e1 um momento aglutinador da Jornada de Lutas que ocorre em cada universidade e escola do pa\u00eds em defesa das melhorias nas condi\u00e7\u00f5es de ensino e de trabalho, contra a implementa\u00e7\u00e3o da Ebserh que ataca a autonomia e privatiza os hospitais universit\u00e1rios (HU), e em defesa do investimento imediato de 10% do PIB para a educa\u00e7\u00e3o p\u00fablica. Ser\u00e1 defendido, nas lutas, o projeto para a educa\u00e7\u00e3o brasileira.<\/p>\n<p>As entidades vinculadas ao movimento da Educa\u00e7\u00e3o est\u00e3o convidadas a se somar \u00e0 Marcha e a participar de um Ato da Educa\u00e7\u00e3o, que ser\u00e1 realizado \u00e0s 14h em frente ao MEC, com o lan\u00e7amento do Dossi\u00ea sobre a precariza\u00e7\u00e3o do trabalho nas Institui\u00e7\u00f5es de Ensino e a reafirma\u00e7\u00e3o das lutas pela educa\u00e7\u00e3o p\u00fablica brasileira. Todas e todos \u00e0 Bras\u00edlia dia 24 de abril!<\/p>\n<p><em>*Com edi\u00e7\u00e3o do ANDES-SN<\/em><\/p>\n<p><em>Fonte: CSP-Conlutas<\/em><\/p>\n","protected":false},"excerpt":{"rendered":"<p>Convocat\u00f3ria Unificada: \u201ctodas e todos a Bras\u00edlia lutar pelo investimento de 10% do PIB j\u00e1 para construir nosso projeto de educa\u00e7\u00e3o p\u00fablica!\u201d No dia 24 de abril ser\u00e1 realizada uma grande Marcha a Bras\u00edlia impulsionada por diversas entidades e movimentos sociais como CSP-Conlutas, ANDES-SN, Sinasefe, Condsef, \u201cCUT pode mais\u201d, Intersindical, Cobap, Luta Popular, Fenasps e&hellip;<\/p>\n","protected":false},"author":3,"featured_media":0,"comment_status":"open","ping_status":"open","sticky":false,"template":"","format":"standard","meta":{"footnotes":""},"categories":[15],"tags":[326,325,129,187],"class_list":["post-4942","post","type-post","status-publish","format-standard","hentry","category-noticias","tag-campanha-unificada-2013","tag-marcha-a-brasilia","tag-servidores","tag-spfs","category-15","description-off"],"_links":{"self":[{"href":"https:\/\/www.adufpb.org.br\/site\/wp-json\/wp\/v2\/posts\/4942","targetHints":{"allow":["GET"]}}],"collection":[{"href":"https:\/\/www.adufpb.org.br\/site\/wp-json\/wp\/v2\/posts"}],"about":[{"href":"https:\/\/www.adufpb.org.br\/site\/wp-json\/wp\/v2\/types\/post"}],"author":[{"embeddable":true,"href":"https:\/\/www.adufpb.org.br\/site\/wp-json\/wp\/v2\/users\/3"}],"replies":[{"embeddable":true,"href":"https:\/\/www.adufpb.org.br\/site\/wp-json\/wp\/v2\/comments?post=4942"}],"version-history":[{"count":1,"href":"https:\/\/www.adufpb.org.br\/site\/wp-json\/wp\/v2\/posts\/4942\/revisions"}],"predecessor-version":[{"id":4943,"href":"https:\/\/www.adufpb.org.br\/site\/wp-json\/wp\/v2\/posts\/4942\/revisions\/4943"}],"wp:attachment":[{"href":"https:\/\/www.adufpb.org.br\/site\/wp-json\/wp\/v2\/media?parent=4942"}],"wp:term":[{"taxonomy":"category","embeddable":true,"href":"https:\/\/www.adufpb.org.br\/site\/wp-json\/wp\/v2\/categories?post=4942"},{"taxonomy":"post_tag","embeddable":true,"href":"https:\/\/www.adufpb.org.br\/site\/wp-json\/wp\/v2\/tags?post=4942"}],"curies":[{"name":"wp","href":"https:\/\/api.w.org\/{rel}","templated":true}]}}