{"id":4896,"date":"2013-04-05T20:57:18","date_gmt":"2013-04-06T00:57:18","guid":{"rendered":"http:\/\/www.adufpb.org.br\/site\/?p=4896"},"modified":"2013-04-10T21:48:12","modified_gmt":"2013-04-11T01:48:12","slug":"aposentados-atencao-ao-recebimento-referente-ao-artigo-193","status":"publish","type":"post","link":"https:\/\/www.adufpb.org.br\/site\/aposentados-atencao-ao-recebimento-referente-ao-artigo-193\/","title":{"rendered":"Aposentados, aten\u00e7\u00e3o ao recebimento referente ao artigo 192"},"content":{"rendered":"<p>A Diretoria Executiva da ADUFPB est\u00e1 convidando todos os aposentados que notarem, em seus contracheques, diferen\u00e7a nos valores do pagamento referente ao artigo 192 a comparecerem \u00e0 sede do Sindicato para informar o problema \u00e0 assessoria jur\u00eddica.<\/p>\n<p>Segundo a vice-presidente da ADUFPB, Terezinha Diniz, esse procedimento \u00e9 necess\u00e1rio para que o advogado explique a situa\u00e7\u00e3o caso a caso. A assessoria est\u00e1 aberta para atendimento sempre \u00e0s ter\u00e7as e quintas-feiras, das 10h ao meio-dia.<\/p>\n<p>A professora Terezinha Diniz aproveita para lembrar os aposentados do Encontro Regional de Assuntos de Aposentadoria, que ocorrer\u00e1 na ADUFPB nos dias 23 e 24 de maio. O evento vai contar com a presen\u00e7a de representantes do Andes-SN e da Regional Nordeste.<\/p>\n<p><em>Fonte: Ascom ADUFPB<\/em><\/p>\n","protected":false},"excerpt":{"rendered":"<p>A Diretoria Executiva da ADUFPB est\u00e1 convidando todos os aposentados que notarem, em seus contracheques, diferen\u00e7a nos valores do pagamento referente ao artigo 192 a comparecerem \u00e0 sede do Sindicato para informar o problema \u00e0 assessoria jur\u00eddica. Segundo a vice-presidente da ADUFPB, Terezinha Diniz, esse procedimento \u00e9 necess\u00e1rio para que o advogado explique a situa\u00e7\u00e3o&hellip;<\/p>\n","protected":false},"author":3,"featured_media":0,"comment_status":"open","ping_status":"open","sticky":false,"template":"","format":"standard","meta":{"footnotes":""},"categories":[15],"tags":[63,319,57,318],"class_list":["post-4896","post","type-post","status-publish","format-standard","hentry","category-noticias","tag-aposentados","tag-assessoria-juridica","tag-eventos","tag-gt-aposentadoria","category-15","description-off"],"_links":{"self":[{"href":"https:\/\/www.adufpb.org.br\/site\/wp-json\/wp\/v2\/posts\/4896","targetHints":{"allow":["GET"]}}],"collection":[{"href":"https:\/\/www.adufpb.org.br\/site\/wp-json\/wp\/v2\/posts"}],"about":[{"href":"https:\/\/www.adufpb.org.br\/site\/wp-json\/wp\/v2\/types\/post"}],"author":[{"embeddable":true,"href":"https:\/\/www.adufpb.org.br\/site\/wp-json\/wp\/v2\/users\/3"}],"replies":[{"embeddable":true,"href":"https:\/\/www.adufpb.org.br\/site\/wp-json\/wp\/v2\/comments?post=4896"}],"version-history":[{"count":5,"href":"https:\/\/www.adufpb.org.br\/site\/wp-json\/wp\/v2\/posts\/4896\/revisions"}],"predecessor-version":[{"id":4915,"href":"https:\/\/www.adufpb.org.br\/site\/wp-json\/wp\/v2\/posts\/4896\/revisions\/4915"}],"wp:attachment":[{"href":"https:\/\/www.adufpb.org.br\/site\/wp-json\/wp\/v2\/media?parent=4896"}],"wp:term":[{"taxonomy":"category","embeddable":true,"href":"https:\/\/www.adufpb.org.br\/site\/wp-json\/wp\/v2\/categories?post=4896"},{"taxonomy":"post_tag","embeddable":true,"href":"https:\/\/www.adufpb.org.br\/site\/wp-json\/wp\/v2\/tags?post=4896"}],"curies":[{"name":"wp","href":"https:\/\/api.w.org\/{rel}","templated":true}]}}