{"id":4853,"date":"2013-03-25T21:14:09","date_gmt":"2013-03-26T01:14:09","guid":{"rendered":"http:\/\/www.adufpb.org.br\/site\/?p=4853"},"modified":"2013-03-25T21:14:09","modified_gmt":"2013-03-26T01:14:09","slug":"reajuste-para-docentes-das-federais-ja-chega-com-defasagem","status":"publish","type":"post","link":"https:\/\/www.adufpb.org.br\/site\/reajuste-para-docentes-das-federais-ja-chega-com-defasagem\/","title":{"rendered":"Reajuste para docentes das Federais j\u00e1 chega com defasagem"},"content":{"rendered":"<p><a href=\"http:\/\/www.adufpb.org.br\/site\/wp-content\/uploads\/2013\/03\/perdas-inflacion\u00e1rias.jpg\"><img loading=\"lazy\" decoding=\"async\" class=\"alignleft size-full wp-image-4854\" title=\"perdas inflacion\u00e1rias\" src=\"http:\/\/www.adufpb.org.br\/site\/wp-content\/uploads\/2013\/03\/perdas-inflacion\u00e1rias.jpg\" alt=\"\" width=\"280\" height=\"300\" \/><\/a>Quando os professores receberem seus contracheques e tiverem o sal\u00e1rio creditado em suas contas, no in\u00edcio de abril, perceber\u00e3o que j\u00e1 estar\u00e1 em vigor o reajuste previsto pela Lei 12.772, aprovada pelo Congresso Nacional e sancionada pela presidente Dilma Rousseff em 28 de dezembro de 2012.<\/p>\n<p>Conforme o professor Ricardo Rondinel, do departamento de Ci\u00eancias Econ\u00f4micas da UFSM, esse reajuste pretende repor perdas inflacion\u00e1rias de julho de 2010 at\u00e9 mar\u00e7o de 2013. No entanto, frisa Rondinel, segundo os dados do \u00cdndice de Custo de Vida (ICV) do Dieese, a infla\u00e7\u00e3o nesse per\u00edodo chega a 15,5% (previs\u00e3o de infla\u00e7\u00e3o de 0,57% em mar\u00e7o), o que caracterizar\u00e1 uma perda inicial que alcan\u00e7a 2,5%. Essa defasagem nos vencimentos da categoria docente deve se ampliar ao longo deste ano, chegando em fevereiro de 2014, m\u00eas que antecede o pr\u00f3ximo reajuste, a aproximadamente 9%, calcula o economista.<\/p>\n<p>O 1\u00ba vice-presidente do ANDES-SN, Luiz Henrique Schuch, lembra que, durante toda a negocia\u00e7\u00e3o com o governo federal, o Sindicato Nacional exp\u00f4s a fal\u00e1cia do reajuste propalado pelo Minist\u00e9rio do Planejamento e da Educa\u00e7\u00e3o e amplamente divulgado pela imprensa tradicional.<\/p>\n<p>\u201cDurante a greve, o Ministro Mercadante convocou uma coletiva de imprensa para dizer que os docentes teriam de 25% a 40% de reajuste, este \u00faltimo percentual restrito a uma pequena parcela da categoria. No entanto, est\u00e1 demonstrado que o jogo de \u00edndices, linha a linha, em valores nominais \u00e9 falacioso uma vez que a massa salarial dos servidores p\u00fablicos federais vem caindo ano a ano, tanto na rela\u00e7\u00e3o com o PIB como na rela\u00e7\u00e3o com as receitas l\u00edquidas da Uni\u00e3o\u201d, explica Schuch.<\/p>\n<p><a href=\"http:\/\/portal.andes.org.br\/imprensa\/noticias\/imp-ult-1222003508.pdf\" target=\"_blank\"><strong>Clique aqui para ver a tabela ampliada.<\/strong><\/a><\/p>\n<p>Ele lembra tamb\u00e9m que o \u00edndice usado pelo governo \u00e0 \u00e9poca para os c\u00e1lculos do impacto do reajuste na remunera\u00e7\u00e3o dos professores n\u00e3o previa as perdas de 2010 a 2012 e tamb\u00e9m era baseado na previs\u00e3o de \u00edndice inflacion\u00e1rio do Banco Central, o qual se confirmou bem abaixo da infla\u00e7\u00e3o registrada no ano passado.<\/p>\n<p>O diretor do ANDES-SN destaca que na contraproposta apresentada pela entidade existiam dois custos: um era o custo do patamar salarial que era o mesmo proposto pelo pr\u00f3prio governo, outro era o custo da reestrutura\u00e7\u00e3o. \u201cEste \u00faltimo na verdade n\u00e3o \u00e9 custo, pois \u00e9 a retomada do que nos foi retirado ao longo dos anos, de uma carreira que foi sendo desestruturada nas \u00faltimas duas d\u00e9cadas. Ou seja, \u00e9 simplesmente repor \u00e0 categoria o que foi saqueado por in\u00fameros artif\u00edcios aplicados a cada modifica\u00e7\u00e3o da carreira\u201d, comenta.<\/p>\n<p>Schuch ressalta que n\u00e3o d\u00e1 para misturar incid\u00eancias na quest\u00e3o estrutural da carreira com reajuste salarial, por isso a categoria segue insistindo na necessidade de reestrutura\u00e7\u00e3o da carreira do professor federal. \u201cAcertadamente, os delegados do 32\u00ba Congresso do ANDES-SN reafirmaram a defesa da proposta de carreira \u00fanica constru\u00edda na base do Sindicato como um dos principais eixos da nossa pauta de reivindica\u00e7\u00f5es para 2013\u201d, avalia.<\/p>\n<p>O 1\u00ba vice-presidente do ANDES-SN lembra que a luta por um conceito de carreira adequado significa a base para que a remunera\u00e7\u00e3o seja est\u00e1vel e n\u00e3o se transforme num engodo como tem acontecido. \u201cO que temos hoje e foi aprofundado com o a Lei 12.772\/2012 \u00e9 um sistema perverso que usa a desestrutura\u00e7\u00e3o para dar aumentos localizados e que \u201crifa\u201d as parcelas mais numerosas, especialmente os aposentados\u201d, conclui.<\/p>\n<p><em>*Com informa\u00e7\u00f5es e imagem da Sedufsm &#8211; Se\u00e7\u00e3o Sindical<\/em><\/p>\n<p>&nbsp;<\/p>\n<p><em>Fonte:\u00a0ANDES-SN<\/em><\/p>\n","protected":false},"excerpt":{"rendered":"<p>Quando os professores receberem seus contracheques e tiverem o sal\u00e1rio creditado em suas contas, no in\u00edcio de abril, perceber\u00e3o que j\u00e1 estar\u00e1 em vigor o reajuste previsto pela Lei 12.772, aprovada pelo Congresso Nacional e sancionada pela presidente Dilma Rousseff em 28 de dezembro de 2012. Conforme o professor Ricardo Rondinel, do departamento de Ci\u00eancias&hellip;<\/p>\n","protected":false},"author":3,"featured_media":0,"comment_status":"open","ping_status":"open","sticky":false,"template":"","format":"standard","meta":{"footnotes":""},"categories":[15],"tags":[285,28,284],"class_list":["post-4853","post","type-post","status-publish","format-standard","hentry","category-noticias","tag-campanha-salarial-2013","tag-carreira","tag-lei-12-772","category-15","description-off"],"_links":{"self":[{"href":"https:\/\/www.adufpb.org.br\/site\/wp-json\/wp\/v2\/posts\/4853","targetHints":{"allow":["GET"]}}],"collection":[{"href":"https:\/\/www.adufpb.org.br\/site\/wp-json\/wp\/v2\/posts"}],"about":[{"href":"https:\/\/www.adufpb.org.br\/site\/wp-json\/wp\/v2\/types\/post"}],"author":[{"embeddable":true,"href":"https:\/\/www.adufpb.org.br\/site\/wp-json\/wp\/v2\/users\/3"}],"replies":[{"embeddable":true,"href":"https:\/\/www.adufpb.org.br\/site\/wp-json\/wp\/v2\/comments?post=4853"}],"version-history":[{"count":1,"href":"https:\/\/www.adufpb.org.br\/site\/wp-json\/wp\/v2\/posts\/4853\/revisions"}],"predecessor-version":[{"id":4855,"href":"https:\/\/www.adufpb.org.br\/site\/wp-json\/wp\/v2\/posts\/4853\/revisions\/4855"}],"wp:attachment":[{"href":"https:\/\/www.adufpb.org.br\/site\/wp-json\/wp\/v2\/media?parent=4853"}],"wp:term":[{"taxonomy":"category","embeddable":true,"href":"https:\/\/www.adufpb.org.br\/site\/wp-json\/wp\/v2\/categories?post=4853"},{"taxonomy":"post_tag","embeddable":true,"href":"https:\/\/www.adufpb.org.br\/site\/wp-json\/wp\/v2\/tags?post=4853"}],"curies":[{"name":"wp","href":"https:\/\/api.w.org\/{rel}","templated":true}]}}