{"id":4841,"date":"2013-03-22T23:29:48","date_gmt":"2013-03-23T03:29:48","guid":{"rendered":"http:\/\/www.adufpb.org.br\/site\/?p=4841"},"modified":"2013-03-22T23:29:48","modified_gmt":"2013-03-23T03:29:48","slug":"adufpb-promove-dia-de-conscientizacao-ecologica","status":"publish","type":"post","link":"https:\/\/www.adufpb.org.br\/site\/adufpb-promove-dia-de-conscientizacao-ecologica\/","title":{"rendered":"ADUFPB promove dia de conscientiza\u00e7\u00e3o ecol\u00f3gica"},"content":{"rendered":"<p>A ADUFPB, por meio do Grupo de Trabalho de Pol\u00edtica Agr\u00e1ria e Meio Ambiente, promove neste s\u00e1bado (23\/3) o evento Um Dia de Conscientiza\u00e7\u00e3o Ecol\u00f3gica. A atividade, realizada em parceria com o F\u00f3rum Estadual de Prote\u00e7\u00e3o e Defesa Animal e o Centro Acad\u00eamico de Letras, acontecer\u00e1 no audit\u00f3rio da Reitoria, Campus I, em Jo\u00e3o Pessoa, a partir das 9h.<\/p>\n<p>Depois da abertura, os participantes ter\u00e3o a oportunidade de ouvir a fala de representantes das secretarias municipais de Mobilidade Urbana, Samuel Arag\u00e3o, e de Seguran\u00e7a P\u00fablica e Cidadania, Geraldo Amorim. O debate ser\u00e1 intermediado pelos professores Eduardo Rabenhorst (Departamento de Ci\u00eancias Jur\u00eddicas) e Claudia Coutinho (Departamento de Engenharia Ambiental).<\/p>\n<p>Ao meio dia haver\u00e1 uma parada para um almo\u00e7o vegetariano e, \u00e0s 14h30, as atividades recome\u00e7am com a palestra \u201cEduca\u00e7\u00e3o Ambiental, uma necessidade moral\u201d, ministrada pelo professor Jos\u00e9 Fl\u00e1vio.<\/p>\n<p>J\u00e1 \u00e0s 15h10 come\u00e7a a palestra \u201cFalando pelos animais como uma forma de justi\u00e7a social\u201d, com a professora Z\u00e9lia Bora. \u00c0s 16h15, co\ufb00 break vegano e vegetariano, e, \u00e0s 17h, a \u00faltima palestra, com o tema \u201cAnimal N\u00e3o Humano e Sociedade: uma perspectiva antropol\u00f3gica\u201d, ministrada por F\u00e1bio Guedes. A soledidade de encerramento do evento est\u00e1 marcada para 17h30, e ter\u00e1 m\u00fasica para a natureza.<\/p>\n<p>O evento ter\u00e1 tamb\u00e9m oficinas para crian\u00e7as de manh\u00e3 e \u00e0 tarde. Por isso o organizadores pedem aos pais que levem almofadas para as crian\u00e7as.<\/p>\n<p>Veja a programa\u00e7\u00e3o completa <a href=\"http:\/\/www.adufpb.org.br\/site\/wp-content\/uploads\/2013\/03\/FOLDER-Z\u00c9LIA-BORA-ATUALIZADO-PARA-IMPRESSAO.pdf\" target=\"_blank\">aqui<\/a>.<\/p>\n<p><em>Fonte: Ascom ADUFPB<\/em><\/p>\n","protected":false},"excerpt":{"rendered":"<p>A ADUFPB, por meio do Grupo de Trabalho de Pol\u00edtica Agr\u00e1ria e Meio Ambiente, promove neste s\u00e1bado (23\/3) o evento Um Dia de Conscientiza\u00e7\u00e3o Ecol\u00f3gica. A atividade, realizada em parceria com o F\u00f3rum Estadual de Prote\u00e7\u00e3o e Defesa Animal e o Centro Acad\u00eamico de Letras, acontecer\u00e1 no audit\u00f3rio da Reitoria, Campus I, em Jo\u00e3o Pessoa,&hellip;<\/p>\n","protected":false},"author":3,"featured_media":0,"comment_status":"open","ping_status":"open","sticky":false,"template":"","format":"standard","meta":{"footnotes":""},"categories":[15],"tags":[67,57],"class_list":["post-4841","post","type-post","status-publish","format-standard","hentry","category-noticias","tag-atividades","tag-eventos","category-15","description-off"],"_links":{"self":[{"href":"https:\/\/www.adufpb.org.br\/site\/wp-json\/wp\/v2\/posts\/4841","targetHints":{"allow":["GET"]}}],"collection":[{"href":"https:\/\/www.adufpb.org.br\/site\/wp-json\/wp\/v2\/posts"}],"about":[{"href":"https:\/\/www.adufpb.org.br\/site\/wp-json\/wp\/v2\/types\/post"}],"author":[{"embeddable":true,"href":"https:\/\/www.adufpb.org.br\/site\/wp-json\/wp\/v2\/users\/3"}],"replies":[{"embeddable":true,"href":"https:\/\/www.adufpb.org.br\/site\/wp-json\/wp\/v2\/comments?post=4841"}],"version-history":[{"count":1,"href":"https:\/\/www.adufpb.org.br\/site\/wp-json\/wp\/v2\/posts\/4841\/revisions"}],"predecessor-version":[{"id":4844,"href":"https:\/\/www.adufpb.org.br\/site\/wp-json\/wp\/v2\/posts\/4841\/revisions\/4844"}],"wp:attachment":[{"href":"https:\/\/www.adufpb.org.br\/site\/wp-json\/wp\/v2\/media?parent=4841"}],"wp:term":[{"taxonomy":"category","embeddable":true,"href":"https:\/\/www.adufpb.org.br\/site\/wp-json\/wp\/v2\/categories?post=4841"},{"taxonomy":"post_tag","embeddable":true,"href":"https:\/\/www.adufpb.org.br\/site\/wp-json\/wp\/v2\/tags?post=4841"}],"curies":[{"name":"wp","href":"https:\/\/api.w.org\/{rel}","templated":true}]}}