{"id":4822,"date":"2013-03-18T20:48:27","date_gmt":"2013-03-19T00:48:27","guid":{"rendered":"http:\/\/www.adufpb.org.br\/site\/?p=4822"},"modified":"2013-03-18T20:48:27","modified_gmt":"2013-03-19T00:48:27","slug":"andes-sn-convoca-reunioes-dos-setores-das-ifes-e-das-estaduaismunicipais","status":"publish","type":"post","link":"https:\/\/www.adufpb.org.br\/site\/andes-sn-convoca-reunioes-dos-setores-das-ifes-e-das-estaduaismunicipais\/","title":{"rendered":"ANDES-SN convoca reuni\u00f5es dos setores das IFES e das Estaduais\/Municipais"},"content":{"rendered":"<p>Por meio da Circular n\u00ba 23\/2013, o ANDES-SN convocou, para os dias 6 e 7 de abril, reuni\u00e3o do setor dos docentes das Institui\u00e7\u00f5es Federais de Ensino Superior (IFES). Este \u00e9 o primeiro encontro do setor ap\u00f3s as delibera\u00e7\u00f5es do 32\u00ba Congresso do Sindicato Nacional, realizado no in\u00edcio deste m\u00eas (4 a 9 de mar\u00e7o), na Universidade Federal do Rio de Janeiro (UFRJ).<\/p>\n<p>A pauta da reuni\u00e3o prev\u00ea discuss\u00f5es sobre os desdobramentos das delibera\u00e7\u00f5es do 32\u00ba Congresso, entre eles os preparativos para a jornada de abril e a Marcha do dia 24; a luta pela carreira docente e condi\u00e7\u00f5es de trabalho; e a rela\u00e7\u00e3o com os demais servidores p\u00fablicos federais (SPF). Tamb\u00e9m ser\u00e3o dados informes nacionais e das se\u00e7\u00f5es sindicais.<\/p>\n<p>No dia 6, a reuni\u00e3o ser\u00e1 realizada a partir das 9h na Casa do Professor no campus da UnB (Sede da ADUnB, Se\u00e7\u00e3o Sindical do ANDES-SN), e no dia 7 na Sede do Sindicato Nacional.\u00a0<a href=\"http:\/\/portal.andes.org.br\/imprensa\/noticias\/imp-ult-1103788746.pdf\" target=\"_blank\"><strong>Confira a convoca\u00e7\u00e3o.<\/strong><\/a><\/p>\n<p><strong>Reuni\u00e3o das IEES\/IMES<\/strong><br \/>\nA pr\u00f3xima reuni\u00e3o do Setor das Institui\u00e7\u00f5es Estaduais e Municipais de Ensino Superior (IEES\/IMES) j\u00e1 foi convocada pela diretoria do Sindicato, e ser\u00e1 realizada nos dias 5 e 6 de abril, na sede do ANDES-SN, em Bras\u00edlia.\u00a0<a href=\"http:\/\/portal.andes.org.br\/imprensa\/noticias\/imp-ult-682579465.pdf\" target=\"_blank\"><strong>Leia aqui a Circular.<\/strong><\/a><br \/>\n<em><\/em><\/p>\n<p><em>Fonte:\u00a0ANDES-SN<\/em><\/p>\n","protected":false},"excerpt":{"rendered":"<p>Por meio da Circular n\u00ba 23\/2013, o ANDES-SN convocou, para os dias 6 e 7 de abril, reuni\u00e3o do setor dos docentes das Institui\u00e7\u00f5es Federais de Ensino Superior (IFES). Este \u00e9 o primeiro encontro do setor ap\u00f3s as delibera\u00e7\u00f5es do 32\u00ba Congresso do Sindicato Nacional, realizado no in\u00edcio deste m\u00eas (4 a 9 de mar\u00e7o),&hellip;<\/p>\n","protected":false},"author":3,"featured_media":0,"comment_status":"open","ping_status":"open","sticky":false,"template":"","format":"standard","meta":{"footnotes":""},"categories":[15],"tags":[92,202,207],"class_list":["post-4822","post","type-post","status-publish","format-standard","hentry","category-noticias","tag-andes","tag-ifes","tag-setor-das-ifes","category-15","description-off"],"_links":{"self":[{"href":"https:\/\/www.adufpb.org.br\/site\/wp-json\/wp\/v2\/posts\/4822","targetHints":{"allow":["GET"]}}],"collection":[{"href":"https:\/\/www.adufpb.org.br\/site\/wp-json\/wp\/v2\/posts"}],"about":[{"href":"https:\/\/www.adufpb.org.br\/site\/wp-json\/wp\/v2\/types\/post"}],"author":[{"embeddable":true,"href":"https:\/\/www.adufpb.org.br\/site\/wp-json\/wp\/v2\/users\/3"}],"replies":[{"embeddable":true,"href":"https:\/\/www.adufpb.org.br\/site\/wp-json\/wp\/v2\/comments?post=4822"}],"version-history":[{"count":1,"href":"https:\/\/www.adufpb.org.br\/site\/wp-json\/wp\/v2\/posts\/4822\/revisions"}],"predecessor-version":[{"id":4823,"href":"https:\/\/www.adufpb.org.br\/site\/wp-json\/wp\/v2\/posts\/4822\/revisions\/4823"}],"wp:attachment":[{"href":"https:\/\/www.adufpb.org.br\/site\/wp-json\/wp\/v2\/media?parent=4822"}],"wp:term":[{"taxonomy":"category","embeddable":true,"href":"https:\/\/www.adufpb.org.br\/site\/wp-json\/wp\/v2\/categories?post=4822"},{"taxonomy":"post_tag","embeddable":true,"href":"https:\/\/www.adufpb.org.br\/site\/wp-json\/wp\/v2\/tags?post=4822"}],"curies":[{"name":"wp","href":"https:\/\/api.w.org\/{rel}","templated":true}]}}