{"id":4806,"date":"2013-03-15T20:41:07","date_gmt":"2013-03-16T00:41:07","guid":{"rendered":"http:\/\/www.adufpb.org.br\/site\/?p=4806"},"modified":"2013-03-15T20:41:07","modified_gmt":"2013-03-16T00:41:07","slug":"plano-do-setor-das-estaduais-e-municipais-traz-dia-nacional-de-lutas","status":"publish","type":"post","link":"https:\/\/www.adufpb.org.br\/site\/plano-do-setor-das-estaduais-e-municipais-traz-dia-nacional-de-lutas\/","title":{"rendered":"Plano do Setor das Estaduais e Municipais traz Dia Nacional de Lutas"},"content":{"rendered":"<div id=\"conteudo\">\n<p>Como estrat\u00e9gia de intensificar a mobiliza\u00e7\u00e3o no Setor das Institui\u00e7\u00f5es Estaduais e Municipais de Ensino Superior (IEES\/IMES), os delegados do 32\u00ba Congresso do ANDES-SN deliberaram a realiza\u00e7\u00e3o de um Dia Nacional de Lutas. A atividade, marcada para 29 de maio, integra o Plano de Lutas do Setor aprovado na \u00faltima plen\u00e1ria do Congresso, no s\u00e1bado (9).<\/p>\n<p>A data foi escolhida por ocasi\u00e3o da defini\u00e7\u00e3o da Lei de Diretrizes Or\u00e7ament\u00e1rias (LDO) e ir\u00e1 marcar a defesa do financiamento e da autonomia das universidades estaduais e municipais.<\/p>\n<p>Neste sentido, o plano aprovado indica a organiza\u00e7\u00e3o das lutas que buscam a aprova\u00e7\u00e3o de percentual espec\u00edfico do or\u00e7amento para os sistemas estaduais e municipais de ensino superior. Al\u00e9m de delinear a luta pela implementa\u00e7\u00e3o de leis que definam a subvincula\u00e7\u00e3o or\u00e7ament\u00e1ria para este objetivo.<\/p>\n<p>O fomento \u00e0 cria\u00e7\u00e3o de f\u00f3runs dos tr\u00eas segmentos (professores, t\u00e9cnicos e estudantes), bem como de f\u00f3runs estaduais das se\u00e7\u00f5es sindicais s\u00e3o outras a\u00e7\u00f5es que o ANDES-SN deve colocar em pr\u00e1tica por meio de suas regionais. J\u00e1 a coordena\u00e7\u00e3o do setor ir\u00e1 trabalhar pelo aprofundamento do debate acerca de temas como autonomia, democracia, financiamento, carreira e contrarreforma da previd\u00eancia.<\/p>\n<p>Os delegados deliberaram ainda pela realiza\u00e7\u00e3o do XI Encontro Nacional das IEES\/IES, no segundo semestre deste ano, em Bras\u00edlia. A planilha de despesas foi aprovada, podendo ser atualizada no 58\u00ba Conad, que ser\u00e1 realizado em julho. Uma das quest\u00f5es pautadas para debate neste encontro \u00e9 a discuss\u00e3o sobre movimentos populares que lutam pela federaliza\u00e7\u00e3o das IES.<\/p>\n<p>A pr\u00f3xima reuni\u00e3o do Setor das IEES\/IMES j\u00e1 foi convocada pela diretoria do Sindicato, para os dias 5 e 6 de abril, na sede do ANDES-SN em Bras\u00edlia.<\/p>\n<p><em>Fonte:\u00a0ANDES-SN<\/em><\/p>\n<\/div>\n","protected":false},"excerpt":{"rendered":"<p>Como estrat\u00e9gia de intensificar a mobiliza\u00e7\u00e3o no Setor das Institui\u00e7\u00f5es Estaduais e Municipais de Ensino Superior (IEES\/IMES), os delegados do 32\u00ba Congresso do ANDES-SN deliberaram a realiza\u00e7\u00e3o de um Dia Nacional de Lutas. A atividade, marcada para 29 de maio, integra o Plano de Lutas do Setor aprovado na \u00faltima plen\u00e1ria do Congresso, no s\u00e1bado&hellip;<\/p>\n","protected":false},"author":3,"featured_media":0,"comment_status":"open","ping_status":"open","sticky":false,"template":"","format":"standard","meta":{"footnotes":""},"categories":[15],"tags":[314],"class_list":["post-4806","post","type-post","status-publish","format-standard","hentry","category-noticias","tag-32o-congresso-do-andes","category-15","description-off"],"_links":{"self":[{"href":"https:\/\/www.adufpb.org.br\/site\/wp-json\/wp\/v2\/posts\/4806","targetHints":{"allow":["GET"]}}],"collection":[{"href":"https:\/\/www.adufpb.org.br\/site\/wp-json\/wp\/v2\/posts"}],"about":[{"href":"https:\/\/www.adufpb.org.br\/site\/wp-json\/wp\/v2\/types\/post"}],"author":[{"embeddable":true,"href":"https:\/\/www.adufpb.org.br\/site\/wp-json\/wp\/v2\/users\/3"}],"replies":[{"embeddable":true,"href":"https:\/\/www.adufpb.org.br\/site\/wp-json\/wp\/v2\/comments?post=4806"}],"version-history":[{"count":1,"href":"https:\/\/www.adufpb.org.br\/site\/wp-json\/wp\/v2\/posts\/4806\/revisions"}],"predecessor-version":[{"id":4807,"href":"https:\/\/www.adufpb.org.br\/site\/wp-json\/wp\/v2\/posts\/4806\/revisions\/4807"}],"wp:attachment":[{"href":"https:\/\/www.adufpb.org.br\/site\/wp-json\/wp\/v2\/media?parent=4806"}],"wp:term":[{"taxonomy":"category","embeddable":true,"href":"https:\/\/www.adufpb.org.br\/site\/wp-json\/wp\/v2\/categories?post=4806"},{"taxonomy":"post_tag","embeddable":true,"href":"https:\/\/www.adufpb.org.br\/site\/wp-json\/wp\/v2\/tags?post=4806"}],"curies":[{"name":"wp","href":"https:\/\/api.w.org\/{rel}","templated":true}]}}