{"id":4800,"date":"2013-03-15T20:38:28","date_gmt":"2013-03-16T00:38:28","guid":{"rendered":"http:\/\/www.adufpb.org.br\/site\/?p=4800"},"modified":"2013-03-15T20:38:28","modified_gmt":"2013-03-16T00:38:28","slug":"32o-congresso-do-andes-sn-aprova-37-mocoes","status":"publish","type":"post","link":"https:\/\/www.adufpb.org.br\/site\/32o-congresso-do-andes-sn-aprova-37-mocoes\/","title":{"rendered":"32\u00ba Congresso do ANDES-SN aprova 37 mo\u00e7\u00f5es"},"content":{"rendered":"<p>Os delegados do 32\u00ba Congresso do ANDES-SN, realizado entre os dias 4 e 9 de mar\u00e7o na Universidade Federal do Rio de Janeiro (UFRJ), aprovaram 37 mo\u00e7\u00f5es na plen\u00e1ria de encerramento. A leitura dos textos foi feita na madrugada do dia 10 de mar\u00e7o, domingo, pela 1\u00aa secret\u00e1ria do ANDES-SN, Marina Barbosa, juntamente com a leitura da \u201cCarta do Rio de Janeiro\u201d, documento em que est\u00e3o destacadas, de forma resumida, as principais delibera\u00e7\u00f5es feitas ao longo do Congresso.<\/p>\n<p>Algumas propostas, por tratarem de temas semelhantes, foram unificadas. \u00c9 o caso das mo\u00e7\u00f5es de rep\u00fadio \u00e0 desregulamenta\u00e7\u00e3o e n\u00e3o demarca\u00e7\u00e3o das terras ind\u00edgenas e quilombolas; de rep\u00fadio \u00e0 postura da reitoria da Universidade Federal de Alagoas (Ufal) na prorroga\u00e7\u00e3o do est\u00e1gio probat\u00f3rio na IES por 118 dias; de rep\u00fadio \u00e0 posse do deputado Marco Feliciano (PSC-SP) \u00e0 Presid\u00eancia da Comiss\u00e3o de Direitos Humanos e Minorias da C\u00e2mara dos Deputados; e de solidariedade ao povo venezuelano pelo falecimento do presidente Hugo Chaves.<\/p>\n<p>Tamb\u00e9m foram aprovadas mo\u00e7\u00f5es de solidariedade \u00e0 popula\u00e7\u00e3o de Santa Maria e a UFSM pela tr\u00e1gica perda de 241 jovens estudantes no inc\u00eandio da boate Kiss, em 27 de janeiro deste ano (mo\u00e7\u00e3o 31); e ao DCE e entidades estudantis aut?nomas da UFMT que foram brutalmente agredidos pela Pol\u00edcia Militar do Mato Grosso, a pedido do gabinete da Reitoria da universidade, durante livre manifesta\u00e7\u00e3o pac\u00edfica pelo direito de assist\u00eancia estudantil \u00e0 moradia, no dia 9 de mar\u00e7o\u00a0<a href=\"http:\/\/www.andes.org.br\/andes\/print-ultimas-noticias.andes?id=5873\" target=\"_blank\">(confira mat\u00e9ria no site do ANDES-SN sobre o assunto).<\/a><\/p>\n<p>O conte\u00fado de todas as mo\u00e7\u00f5es e os documentos ser\u00e3o divulgados no site do ANDES-SN ap\u00f3s a conclus\u00e3o da revis\u00e3o ortogr\u00e1fica dos textos.<br \/>\n<strong><br \/>\nCarta do Rio de Janeiro<\/strong><br \/>\nDiante da previs\u00e3o de um ano com fortes ofensivas da classe patronal e do pr\u00f3prio governo, a carta convoca a uni\u00e3o de toda a categoria, especialmente em defesa da carreira, do car\u00e1ter p\u00fablico e gratuito do ensino, bem como melhores condi\u00e7\u00f5es de trabalho. O documento ressalta ainda a legitimidade do 32\u00ba Congresso do ANDES-SN, a partir da ampla participa\u00e7\u00e3o de professores rec\u00e9m-ingressos no movimento e da homologa\u00e7\u00e3o de novas se\u00e7\u00f5es sindicais.<\/p>\n<p><em>Fonte:\u00a0ANDES-SN<\/em><\/p>\n","protected":false},"excerpt":{"rendered":"<p>Os delegados do 32\u00ba Congresso do ANDES-SN, realizado entre os dias 4 e 9 de mar\u00e7o na Universidade Federal do Rio de Janeiro (UFRJ), aprovaram 37 mo\u00e7\u00f5es na plen\u00e1ria de encerramento. A leitura dos textos foi feita na madrugada do dia 10 de mar\u00e7o, domingo, pela 1\u00aa secret\u00e1ria do ANDES-SN, Marina Barbosa, juntamente com a&hellip;<\/p>\n","protected":false},"author":3,"featured_media":0,"comment_status":"open","ping_status":"open","sticky":false,"template":"","format":"standard","meta":{"footnotes":""},"categories":[15],"tags":[314],"class_list":["post-4800","post","type-post","status-publish","format-standard","hentry","category-noticias","tag-32o-congresso-do-andes","category-15","description-off"],"_links":{"self":[{"href":"https:\/\/www.adufpb.org.br\/site\/wp-json\/wp\/v2\/posts\/4800","targetHints":{"allow":["GET"]}}],"collection":[{"href":"https:\/\/www.adufpb.org.br\/site\/wp-json\/wp\/v2\/posts"}],"about":[{"href":"https:\/\/www.adufpb.org.br\/site\/wp-json\/wp\/v2\/types\/post"}],"author":[{"embeddable":true,"href":"https:\/\/www.adufpb.org.br\/site\/wp-json\/wp\/v2\/users\/3"}],"replies":[{"embeddable":true,"href":"https:\/\/www.adufpb.org.br\/site\/wp-json\/wp\/v2\/comments?post=4800"}],"version-history":[{"count":1,"href":"https:\/\/www.adufpb.org.br\/site\/wp-json\/wp\/v2\/posts\/4800\/revisions"}],"predecessor-version":[{"id":4801,"href":"https:\/\/www.adufpb.org.br\/site\/wp-json\/wp\/v2\/posts\/4800\/revisions\/4801"}],"wp:attachment":[{"href":"https:\/\/www.adufpb.org.br\/site\/wp-json\/wp\/v2\/media?parent=4800"}],"wp:term":[{"taxonomy":"category","embeddable":true,"href":"https:\/\/www.adufpb.org.br\/site\/wp-json\/wp\/v2\/categories?post=4800"},{"taxonomy":"post_tag","embeddable":true,"href":"https:\/\/www.adufpb.org.br\/site\/wp-json\/wp\/v2\/tags?post=4800"}],"curies":[{"name":"wp","href":"https:\/\/api.w.org\/{rel}","templated":true}]}}