{"id":4756,"date":"2013-03-08T23:42:48","date_gmt":"2013-03-09T03:42:48","guid":{"rendered":"http:\/\/www.adufpb.org.br\/site\/?p=4756"},"modified":"2013-03-08T23:42:48","modified_gmt":"2013-03-09T03:42:48","slug":"andes-sn-apresenta-campanha-de-filiacao-2013-e-nova-logomarca","status":"publish","type":"post","link":"https:\/\/www.adufpb.org.br\/site\/andes-sn-apresenta-campanha-de-filiacao-2013-e-nova-logomarca\/","title":{"rendered":"ANDES-SN apresenta Campanha de Filia\u00e7\u00e3o 2013 e nova logomarca"},"content":{"rendered":"<p><a href=\"http:\/\/www.adufpb.org.br\/site\/wp-content\/uploads\/2013\/03\/32-Congresso-do-Andes-logo-campanha-de-filia\u00e7\u00e3o.jpg\"><img loading=\"lazy\" decoding=\"async\" class=\"alignleft size-medium wp-image-4757\" title=\"32 Congresso do Andes - logo campanha de filia\u00e7\u00e3o\" src=\"http:\/\/www.adufpb.org.br\/site\/wp-content\/uploads\/2013\/03\/32-Congresso-do-Andes-logo-campanha-de-filia\u00e7\u00e3o-300x225.jpg\" alt=\"\" width=\"300\" height=\"225\" srcset=\"https:\/\/www.adufpb.org.br\/site\/wp-content\/uploads\/2013\/03\/32-Congresso-do-Andes-logo-campanha-de-filia\u00e7\u00e3o-300x225.jpg 300w, https:\/\/www.adufpb.org.br\/site\/wp-content\/uploads\/2013\/03\/32-Congresso-do-Andes-logo-campanha-de-filia\u00e7\u00e3o.jpg 400w\" sizes=\"auto, (max-width: 300px) 100vw, 300px\" \/><\/a>Durante a abertura do 32\u00ba Congresso, o ANDES-SN apresentou uma nova campanha de comunica\u00e7\u00e3o para amplia\u00e7\u00e3o das filia\u00e7\u00f5es. Com o mote \u201cformiga\u201d, a campanha convida cada um a construir o Sindicato da categoria. Uma nova logomarca para o Sindicato, mais limpa e moderna, tamb\u00e9m foi apresentada, integrando de maneira mais clara a filia\u00e7\u00e3o \u00e0 CSP-Conlutas.<\/p>\n<p>De acordo com o 1\u00ba vice-presidente da entidade, Luiz Henrique Schuch, a campanha levar\u00e1 nove meses, com envio gradual de materiais que podem ser reproduzidos ou adaptados, localmente, pela se\u00e7\u00f5es sindicais.<\/p>\n<p>\u201cAs experi\u00eancias de luta mais recentes reascenderam entre os professores a percep\u00e7\u00e3o de sua identidade enquanto categoria, para defender a universidade p\u00fablica refor\u00e7ando o sentido de sua participa\u00e7\u00e3o no sindicato, o ANDES-SN\u201d, explica Schuch.<\/p>\n<p>Segundo ele, \u00e9 nesse movimento que se insere a campanha de sindicaliza\u00e7\u00e3o de 2013, que e tem como p\u00fablico alvo o conjunto dos professores das Institui\u00e7\u00f5es de Ensino Superior. \u201cBuscamos uma linguagem leve e direta, sem secundarizar o conte\u00fado. \u00c9 um chamamento \u00e1 participa\u00e7\u00e3o com protagonismo e democr\u00e1tico\u201d, completa.<\/p>\n<p>O 1\u00ba vice-presidente do ANDES-SN lembra que ser\u00e1 necess\u00e1ria um grande engajamento das se\u00e7\u00f5es sindicais para o sucesso da campanha. \u201cComo \u00e9 uma campanha gradual, \u00e9 necess\u00e1rio que todas as se\u00e7\u00f5es sindicais abracem a ideia e participem ativamente, dando ampla divulga\u00e7\u00e3o \u00e0s pe\u00e7as que ser\u00e3o distribu\u00eddas\u201d, comenta. Ele ressaltou a necessidade de que a campanha siga nacionalmente a mesma cad\u00eancia para ter maior efic\u00e1cia.<\/p>\n<p>Junto com o material da campanha ser\u00e1 enviado um roteiro para aplica\u00e7\u00e3o da mesma.<\/p>\n<p><em>* Com colabora\u00e7\u00e3o de Elisa Monteiro (Adufrj &#8211; SSind).<\/em><\/p>\n<p><em>Fonte: ANDES-SN<\/em><\/p>\n","protected":false},"excerpt":{"rendered":"<p>Durante a abertura do 32\u00ba Congresso, o ANDES-SN apresentou uma nova campanha de comunica\u00e7\u00e3o para amplia\u00e7\u00e3o das filia\u00e7\u00f5es. Com o mote \u201cformiga\u201d, a campanha convida cada um a construir o Sindicato da categoria. Uma nova logomarca para o Sindicato, mais limpa e moderna, tamb\u00e9m foi apresentada, integrando de maneira mais clara a filia\u00e7\u00e3o \u00e0 CSP-Conlutas.&hellip;<\/p>\n","protected":false},"author":3,"featured_media":0,"comment_status":"open","ping_status":"open","sticky":false,"template":"","format":"standard","meta":{"footnotes":""},"categories":[15],"tags":[314,301],"class_list":["post-4756","post","type-post","status-publish","format-standard","hentry","category-noticias","tag-32o-congresso-do-andes","tag-campanha-de-filiacao","category-15","description-off"],"_links":{"self":[{"href":"https:\/\/www.adufpb.org.br\/site\/wp-json\/wp\/v2\/posts\/4756","targetHints":{"allow":["GET"]}}],"collection":[{"href":"https:\/\/www.adufpb.org.br\/site\/wp-json\/wp\/v2\/posts"}],"about":[{"href":"https:\/\/www.adufpb.org.br\/site\/wp-json\/wp\/v2\/types\/post"}],"author":[{"embeddable":true,"href":"https:\/\/www.adufpb.org.br\/site\/wp-json\/wp\/v2\/users\/3"}],"replies":[{"embeddable":true,"href":"https:\/\/www.adufpb.org.br\/site\/wp-json\/wp\/v2\/comments?post=4756"}],"version-history":[{"count":1,"href":"https:\/\/www.adufpb.org.br\/site\/wp-json\/wp\/v2\/posts\/4756\/revisions"}],"predecessor-version":[{"id":4758,"href":"https:\/\/www.adufpb.org.br\/site\/wp-json\/wp\/v2\/posts\/4756\/revisions\/4758"}],"wp:attachment":[{"href":"https:\/\/www.adufpb.org.br\/site\/wp-json\/wp\/v2\/media?parent=4756"}],"wp:term":[{"taxonomy":"category","embeddable":true,"href":"https:\/\/www.adufpb.org.br\/site\/wp-json\/wp\/v2\/categories?post=4756"},{"taxonomy":"post_tag","embeddable":true,"href":"https:\/\/www.adufpb.org.br\/site\/wp-json\/wp\/v2\/tags?post=4756"}],"curies":[{"name":"wp","href":"https:\/\/api.w.org\/{rel}","templated":true}]}}