{"id":4731,"date":"2013-03-06T21:46:27","date_gmt":"2013-03-07T01:46:27","guid":{"rendered":"http:\/\/www.adufpb.org.br\/site\/?p=4731"},"modified":"2013-03-06T21:46:27","modified_gmt":"2013-03-07T01:46:27","slug":"importancia-das-greves-e-csp-conlutas-pautaram-debate-de-conjuntura","status":"publish","type":"post","link":"https:\/\/www.adufpb.org.br\/site\/importancia-das-greves-e-csp-conlutas-pautaram-debate-de-conjuntura\/","title":{"rendered":"Import\u00e2ncia das greves e CSP-Conlutas pautaram debate de Conjuntura"},"content":{"rendered":"<p><em>Plen\u00e1ria do Tema 1 \u201cMovimento Docente e Conjuntura\u201d aconteceu na noite do dia 4<\/em><\/p>\n<p>&nbsp;<\/p>\n<p><a href=\"http:\/\/www.adufpb.org.br\/site\/wp-content\/uploads\/2013\/03\/32-Congresso-do-Andes-plen\u00e1ria-do-tema-1-04.03.2013jpg.jpg\"><img loading=\"lazy\" decoding=\"async\" class=\"alignleft size-medium wp-image-4732\" title=\"32 Congresso do Andes - plen\u00e1ria do tema 1 - 04.03.2013jpg\" src=\"http:\/\/www.adufpb.org.br\/site\/wp-content\/uploads\/2013\/03\/32-Congresso-do-Andes-plen\u00e1ria-do-tema-1-04.03.2013jpg-300x200.jpg\" alt=\"\" width=\"300\" height=\"200\" srcset=\"https:\/\/www.adufpb.org.br\/site\/wp-content\/uploads\/2013\/03\/32-Congresso-do-Andes-plen\u00e1ria-do-tema-1-04.03.2013jpg-300x200.jpg 300w, https:\/\/www.adufpb.org.br\/site\/wp-content\/uploads\/2013\/03\/32-Congresso-do-Andes-plen\u00e1ria-do-tema-1-04.03.2013jpg.jpg 450w\" sizes=\"auto, (max-width: 300px) 100vw, 300px\" \/><\/a>O 32\u00ba Congresso do ANDES-SN, que ocorre na Cidade Universit\u00e1ria da UFRJ, no Rio de Janeiro, tem se demonstrado um dos maiores dos \u00faltimos tempos. Com participa\u00e7\u00e3o de quase 600 pessoas, entre delegados e observadores, a plen\u00e1ria do Tema 1, ocorrida na noite do dia 4 de mar\u00e7o, discutiu \u201cMovimento Docente e Conjuntura\u201d. Foram apresentados 11 textos, cujas colabora\u00e7\u00f5es partiram de diversas se\u00e7\u00f5es sindicais e da diretoria do Sindicato Nacional.<\/p>\n<p>A presidenta do ANDES-SN, Marinalva Oliveira, defendeu o texto 1 \u201cConjuntura e Movimento Docente\u201d, da diretoria do Sindicato Nacional. O trabalho avalia tanto a conjuntura internacional quanto a nacional no contexto da crise do capital. H\u00e1 o entendimento de que existe uma condu\u00e7\u00e3o subserviente do governo Dilma Rousseff ao mercado, especialmente internacional, o que faz com que os trabalhadores sofram profundos ataques aos direitos conquistados.<\/p>\n<p>No \u00e2mbito do movimento docente, a greve e a unidade constitu\u00edda em 2012 s\u00e3o elementos que podem potencializar as lutas e a organiza\u00e7\u00e3o dos trabalhadores para o ano de 2013. Nesse sentido, Marinalva conclamou os participantes do 32\u00ba Congresso a reunirem esfor\u00e7os e mobilizarem as bases para a grande marcha a Bras\u00edlia, programada para o dia 24 de abril.<\/p>\n<p>Espa\u00e7o para diferen\u00e7as<\/p>\n<p>A plen\u00e1ria demonstrou que o ANDES-SN preza a democracia em sua constru\u00e7\u00e3o. Tanto \u00e9 assim, que as mais diferentes avalia\u00e7\u00f5es sobre a condu\u00e7\u00e3o da greve e seus resultados foram apontadas. Enquanto alguns grupos, por meio de textos que comp\u00f5em o Caderno de Textos (e seu Anexo) do 32\u00ba Congresso apontavam falhas na dire\u00e7\u00e3o do movimento grevista docente, diversas outras avalia\u00e7\u00f5es davam conta da vit\u00f3ria do ponto de vista organizativo que a greve proporcionou: \u201cSe n\u00e3o fosse assim, n\u00e3o ter\u00edamos maioria de novos professores nesse Congresso\u201d, pontuou Marina Barbosa, 1\u00aa secret\u00e1ria do ANDES-SN.<\/p>\n<p>Diversas falas ressaltaram a mobiliza\u00e7\u00e3o constru\u00edda em 2012 nas Universidades Estaduais, onde os docentes tamb\u00e9m enfrentaram a dureza dos governos e a criminaliza\u00e7\u00e3o dos movimentos. C\u00edntia Xavier, 2\u00aa vice-presidente da Regional Sul e docente da Universidade Estadual de Ponta Grossa, lembrou as greves protagonizadas pelos professores em v\u00e1rias IEES do pa\u00eds e contou ainda que a for\u00e7a da mobiliza\u00e7\u00e3o nestas outras institui\u00e7\u00f5es e nas Federais pressionou o governo do Paran\u00e1 a negociar com a categoria. \u201cNossa greve durou poucos dias, muito pelo fato do governo se sentir intimidado pela press\u00e3o do movimento nacional\u201d, comentou.<\/p>\n<p>Constru\u00e7\u00e3o da CSP-Conlutas<\/p>\n<p>Al\u00e9m da greve de 2012, outro ponto bastante discutido na plen\u00e1ria do Tema 1 disse respeito \u00e0 constru\u00e7\u00e3o da CSP-Conlutas como espa\u00e7o para a luta contra as pol\u00edticas do capital e retirada de direitos dos trabalhadores. Houve participantes que defenderam o retorno do ANDES-SN \u00e0 Central \u00danica dos Trabalhadores (CUT) \u2013 ideia expressa, inclusive, em textos publicados no Caderno de Textos do 32\u00ba Congresso e em seu Anexo \u2013, no entanto, a ampla maioria das interven\u00e7\u00f5es reafirmaram a necessidade do fortalecimento e enraizamento da CSP-Conlutas no cen\u00e1rio nacional.<\/p>\n<p><em>Texto: Silvana S\u00e1 (Adufrj SSind.)<\/em><\/p>\n<p><em>Com edi\u00e7\u00e3o do ANDES-SN<\/em><\/p>\n<p><em>Fonte: ANDES-SN<\/em><\/p>\n","protected":false},"excerpt":{"rendered":"<p>Plen\u00e1ria do Tema 1 \u201cMovimento Docente e Conjuntura\u201d aconteceu na noite do dia 4 &nbsp; O 32\u00ba Congresso do ANDES-SN, que ocorre na Cidade Universit\u00e1ria da UFRJ, no Rio de Janeiro, tem se demonstrado um dos maiores dos \u00faltimos tempos. Com participa\u00e7\u00e3o de quase 600 pessoas, entre delegados e observadores, a plen\u00e1ria do Tema 1,&hellip;<\/p>\n","protected":false},"author":3,"featured_media":0,"comment_status":"open","ping_status":"open","sticky":false,"template":"","format":"standard","meta":{"footnotes":""},"categories":[15],"tags":[314],"class_list":["post-4731","post","type-post","status-publish","format-standard","hentry","category-noticias","tag-32o-congresso-do-andes","category-15","description-off"],"_links":{"self":[{"href":"https:\/\/www.adufpb.org.br\/site\/wp-json\/wp\/v2\/posts\/4731","targetHints":{"allow":["GET"]}}],"collection":[{"href":"https:\/\/www.adufpb.org.br\/site\/wp-json\/wp\/v2\/posts"}],"about":[{"href":"https:\/\/www.adufpb.org.br\/site\/wp-json\/wp\/v2\/types\/post"}],"author":[{"embeddable":true,"href":"https:\/\/www.adufpb.org.br\/site\/wp-json\/wp\/v2\/users\/3"}],"replies":[{"embeddable":true,"href":"https:\/\/www.adufpb.org.br\/site\/wp-json\/wp\/v2\/comments?post=4731"}],"version-history":[{"count":1,"href":"https:\/\/www.adufpb.org.br\/site\/wp-json\/wp\/v2\/posts\/4731\/revisions"}],"predecessor-version":[{"id":4733,"href":"https:\/\/www.adufpb.org.br\/site\/wp-json\/wp\/v2\/posts\/4731\/revisions\/4733"}],"wp:attachment":[{"href":"https:\/\/www.adufpb.org.br\/site\/wp-json\/wp\/v2\/media?parent=4731"}],"wp:term":[{"taxonomy":"category","embeddable":true,"href":"https:\/\/www.adufpb.org.br\/site\/wp-json\/wp\/v2\/categories?post=4731"},{"taxonomy":"post_tag","embeddable":true,"href":"https:\/\/www.adufpb.org.br\/site\/wp-json\/wp\/v2\/tags?post=4731"}],"curies":[{"name":"wp","href":"https:\/\/api.w.org\/{rel}","templated":true}]}}