{"id":4691,"date":"2013-02-16T03:49:42","date_gmt":"2013-02-16T07:49:42","guid":{"rendered":"http:\/\/www.adufpb.org.br\/site\/?p=4691"},"modified":"2013-02-17T05:16:57","modified_gmt":"2013-02-17T09:16:57","slug":"veja-as-fotos-do-bloco-corujas","status":"publish","type":"post","link":"https:\/\/www.adufpb.org.br\/site\/veja-as-fotos-do-bloco-corujas\/","title":{"rendered":"Veja as fotos do bloco &#8220;Corujas&#8221;"},"content":{"rendered":"<p><a href=\"http:\/\/www.adufpb.org.br\/site\/wp-content\/uploads\/2013\/02\/SITE-15.jpg\"><img loading=\"lazy\" decoding=\"async\" class=\"alignleft size-medium wp-image-4700\" title=\"Bloco Corujas\" src=\"http:\/\/www.adufpb.org.br\/site\/wp-content\/uploads\/2013\/02\/SITE-15-300x214.jpg\" alt=\"\" width=\"300\" height=\"214\" srcset=\"https:\/\/www.adufpb.org.br\/site\/wp-content\/uploads\/2013\/02\/SITE-15-300x214.jpg 300w, https:\/\/www.adufpb.org.br\/site\/wp-content\/uploads\/2013\/02\/SITE-15.jpg 1024w\" sizes=\"auto, (max-width: 300px) 100vw, 300px\" \/><\/a><\/p>\n<p>Foi um sucesso de p\u00fablico e anima\u00e7\u00e3o o desfile do bloco &#8220;Corujas \u2013 Amantes da Folia&#8221; no \u00faltimo dia 8\/2, sexta-feira. A agremia\u00e7\u00e3o formada por professores da ADUFPB fez a festa no Centro da cidade dentro do bloco Cafu\u00e7u, um dos mais tradicionais e animados do projeto Folia de Rua de Jo\u00e3o Pessoa.<\/p>\n<p>A concentra\u00e7\u00e3o aconteceu na pra\u00e7a Rio Branco. L\u00e1 ficou montado o palco onde a Orquestra PB Pop tocou marchinhas e sucessos dos antigos carnavais. Os foli\u00f5es tamb\u00e9m tiveram direito a cerveja, \u00e1gua mineral e refrigerante gr\u00e1tis distribu\u00eddos pela ADUFPB.<\/p>\n<p>O bloco saiu da concentra\u00e7\u00e3o perto da meia-noite e seguiu o percurso do Cafu\u00e7u at\u00e9 a pra\u00e7a Anthenor Navarro, no Centro Hist\u00f3rico.<\/p>\n<p>O Corujas teve o apoio cultural da Creduni, cooperativa de cr\u00e9ditos, e da Vivo, operadora de telefonia.<\/p>\n<p>Clique <a href=\"http:\/\/www.adufpb.org.br\/site\/galeria-de-fotos\/?album=1&amp;gallery=31\">aqui<\/a> para ver as fotos do bloco.<\/p>\n","protected":false},"excerpt":{"rendered":"<p>Foi um sucesso de p\u00fablico e anima\u00e7\u00e3o o desfile do bloco &#8220;Corujas \u2013 Amantes da Folia&#8221; no \u00faltimo dia 8\/2, sexta-feira. A agremia\u00e7\u00e3o formada por professores da ADUFPB fez a festa no Centro da cidade dentro do bloco Cafu\u00e7u, um dos mais tradicionais e animados do projeto Folia de Rua de Jo\u00e3o Pessoa. A concentra\u00e7\u00e3o&hellip;<\/p>\n","protected":false},"author":3,"featured_media":0,"comment_status":"open","ping_status":"open","sticky":false,"template":"","format":"standard","meta":{"footnotes":""},"categories":[1],"tags":[],"class_list":["post-4691","post","type-post","status-publish","format-standard","hentry","category-agenda","category-1","description-off"],"_links":{"self":[{"href":"https:\/\/www.adufpb.org.br\/site\/wp-json\/wp\/v2\/posts\/4691","targetHints":{"allow":["GET"]}}],"collection":[{"href":"https:\/\/www.adufpb.org.br\/site\/wp-json\/wp\/v2\/posts"}],"about":[{"href":"https:\/\/www.adufpb.org.br\/site\/wp-json\/wp\/v2\/types\/post"}],"author":[{"embeddable":true,"href":"https:\/\/www.adufpb.org.br\/site\/wp-json\/wp\/v2\/users\/3"}],"replies":[{"embeddable":true,"href":"https:\/\/www.adufpb.org.br\/site\/wp-json\/wp\/v2\/comments?post=4691"}],"version-history":[{"count":6,"href":"https:\/\/www.adufpb.org.br\/site\/wp-json\/wp\/v2\/posts\/4691\/revisions"}],"predecessor-version":[{"id":4704,"href":"https:\/\/www.adufpb.org.br\/site\/wp-json\/wp\/v2\/posts\/4691\/revisions\/4704"}],"wp:attachment":[{"href":"https:\/\/www.adufpb.org.br\/site\/wp-json\/wp\/v2\/media?parent=4691"}],"wp:term":[{"taxonomy":"category","embeddable":true,"href":"https:\/\/www.adufpb.org.br\/site\/wp-json\/wp\/v2\/categories?post=4691"},{"taxonomy":"post_tag","embeddable":true,"href":"https:\/\/www.adufpb.org.br\/site\/wp-json\/wp\/v2\/tags?post=4691"}],"curies":[{"name":"wp","href":"https:\/\/api.w.org\/{rel}","templated":true}]}}