{"id":4688,"date":"2013-02-08T23:28:04","date_gmt":"2013-02-09T03:28:04","guid":{"rendered":"http:\/\/www.adufpb.org.br\/site\/?p=4688"},"modified":"2013-02-08T23:28:04","modified_gmt":"2013-02-09T03:28:04","slug":"reuniao-com-mec-e-abreviada-e-novo-encontro-agendado-para-dia-21","status":"publish","type":"post","link":"https:\/\/www.adufpb.org.br\/site\/reuniao-com-mec-e-abreviada-e-novo-encontro-agendado-para-dia-21\/","title":{"rendered":"Reuni\u00e3o com MEC \u00e9 abreviada e novo encontro agendado para dia 21"},"content":{"rendered":"<p>A reuni\u00e3o entre o ANDES-SN e representantes da Secretaria de Ensino Superior do Minist\u00e9rio da Educa\u00e7\u00e3o (Sesu\/MEC) agendada para a tarde desta quinta-feira (7) foi abreviada devido \u00e0 agenda do secret\u00e1rio da Sesu, Amaro Lins, que se ausentou durante o encontro. Uma nova reuni\u00e3o foi agendada para dia 21 deste m\u00eas, com o objetivo de dar continuidade \u00e0 discuss\u00e3o iniciada nesta tarde.<\/p>\n<p>O encontro entre os diretores do Sindicato Nacional, Amaro Lins e Dulce Trist\u00e3o, coordenadora geral de Recursos Humanos das Institui\u00e7\u00f5es Federais de Ensino, durou menos de trinta minutos. A presidente do ANDES-SN, Marinalva Oliveira, disse que o objetivo do Sindicato era discutir a quest\u00e3o de cria\u00e7\u00e3o e distribui\u00e7\u00e3o de vagas e cargos nas Institui\u00e7\u00f5es Federais de Ensino e a Carreira Docente.<\/p>\n<p>\u201cQueremos saber quais ser\u00e3o os crit\u00e9rios para a distribui\u00e7\u00e3o dos cargos e qual o planejamento para os pr\u00f3ximos anos. Em rela\u00e7\u00e3o \u00e0 carreira, queremos saber qual espa\u00e7o teremos para discutir a nossa proposta e contraproposta apresentadas no ano passado, vislumbrando a reestrutura\u00e7\u00e3o efetiva, uma vez que a Lei 12.772\/12 s\u00f3 vem consolidar a desestrutura\u00e7\u00e3o, inclusive desrespeitando a autonomia das institui\u00e7\u00f5es\u201d, disse Marinalva.<\/p>\n<p>O ANDES-SN solicitou ainda a defini\u00e7\u00e3o de datas para uma agenda com o MEC e tamb\u00e9m para a continuidade daquela reuni\u00e3o. Ficaram definidos dois novos encontros: um para 21\/2, \u00e0s 18h, e outro para a segunda quinzena de mar\u00e7o, ap\u00f3s o 32\u00ba Congresso do sindicato.<\/p>\n<p>Em rela\u00e7\u00e3o \u00e0s vagas que foram autorizadas, os diretores do ANDES-SN solicitaram que seja disponibilizada ao sindicato, antes da pr\u00f3xima reuni\u00e3o, uma planilha com a distribui\u00e7\u00e3o das mesmas e cronograma para tal.<\/p>\n<p>\u201cEssa reuni\u00e3o n\u00e3o atendeu a nossa expectativa, criada a partir da reuni\u00e3o anterior com o Ministro da Educa\u00e7\u00e3o. Da\u00ed a nossa insist\u00eancia em realizar um novo encontro antes do 32\u00ba Congresso\u201d, explicou M\u00e1rcio de Oliveira, secret\u00e1rio geral do ANDES-SN.<\/p>\n<p><em>Fonte: ANDES-SN<\/em><\/p>\n","protected":false},"excerpt":{"rendered":"<p>A reuni\u00e3o entre o ANDES-SN e representantes da Secretaria de Ensino Superior do Minist\u00e9rio da Educa\u00e7\u00e3o (Sesu\/MEC) agendada para a tarde desta quinta-feira (7) foi abreviada devido \u00e0 agenda do secret\u00e1rio da Sesu, Amaro Lins, que se ausentou durante o encontro. Uma nova reuni\u00e3o foi agendada para dia 21 deste m\u00eas, com o objetivo de&hellip;<\/p>\n","protected":false},"author":3,"featured_media":0,"comment_status":"open","ping_status":"open","sticky":false,"template":"","format":"standard","meta":{"footnotes":""},"categories":[15],"tags":[92,25,71],"class_list":["post-4688","post","type-post","status-publish","format-standard","hentry","category-noticias","tag-andes","tag-carreira-docente","tag-mec","category-15","description-off"],"_links":{"self":[{"href":"https:\/\/www.adufpb.org.br\/site\/wp-json\/wp\/v2\/posts\/4688","targetHints":{"allow":["GET"]}}],"collection":[{"href":"https:\/\/www.adufpb.org.br\/site\/wp-json\/wp\/v2\/posts"}],"about":[{"href":"https:\/\/www.adufpb.org.br\/site\/wp-json\/wp\/v2\/types\/post"}],"author":[{"embeddable":true,"href":"https:\/\/www.adufpb.org.br\/site\/wp-json\/wp\/v2\/users\/3"}],"replies":[{"embeddable":true,"href":"https:\/\/www.adufpb.org.br\/site\/wp-json\/wp\/v2\/comments?post=4688"}],"version-history":[{"count":1,"href":"https:\/\/www.adufpb.org.br\/site\/wp-json\/wp\/v2\/posts\/4688\/revisions"}],"predecessor-version":[{"id":4689,"href":"https:\/\/www.adufpb.org.br\/site\/wp-json\/wp\/v2\/posts\/4688\/revisions\/4689"}],"wp:attachment":[{"href":"https:\/\/www.adufpb.org.br\/site\/wp-json\/wp\/v2\/media?parent=4688"}],"wp:term":[{"taxonomy":"category","embeddable":true,"href":"https:\/\/www.adufpb.org.br\/site\/wp-json\/wp\/v2\/categories?post=4688"},{"taxonomy":"post_tag","embeddable":true,"href":"https:\/\/www.adufpb.org.br\/site\/wp-json\/wp\/v2\/tags?post=4688"}],"curies":[{"name":"wp","href":"https:\/\/api.w.org\/{rel}","templated":true}]}}