{"id":4681,"date":"2013-02-08T21:25:48","date_gmt":"2013-02-09T01:25:48","guid":{"rendered":"http:\/\/www.adufpb.org.br\/site\/?p=4681"},"modified":"2013-02-08T21:25:48","modified_gmt":"2013-02-09T01:25:48","slug":"seminario-e-lancamento-da-campanha-2013-marcam-calendario-de-luta-dos-spf","status":"publish","type":"post","link":"https:\/\/www.adufpb.org.br\/site\/seminario-e-lancamento-da-campanha-2013-marcam-calendario-de-luta-dos-spf\/","title":{"rendered":"Semin\u00e1rio e lan\u00e7amento da Campanha 2013 marcam calend\u00e1rio de luta dos SPF"},"content":{"rendered":"<p>Os servidores p\u00fablicos federais j\u00e1 prepararam seu calend\u00e1rio de mobiliza\u00e7\u00f5es para o pr\u00f3ximo per\u00edodo. Entre as principais atividades est\u00e1 o lan\u00e7amento oficial da Campanha Unificada dos Servidores P\u00fablicos Federais (SPF) e o Semin\u00e1rio sobre Negocia\u00e7\u00e3o Coletiva e o Direito de Greve.<\/p>\n<p>A pauta de reivindica\u00e7\u00f5es 2013 j\u00e1 foi protocolada junto aos \u00f3rg\u00e3os do governo e, no dia 20 de fevereiro, a Campanha Unificada deste ano ser\u00e1 lan\u00e7ada oficialmente. Os servidores ir\u00e3o realizar um ato pol\u00edtico em frente ao Minist\u00e9rio de Planejamento, Or\u00e7amento e Gest\u00e3o, cujo objetivo ser\u00e1 cobrar uma audi\u00eancia com os gestores do minist\u00e9rio para exigir o in\u00edcio das negocia\u00e7\u00f5es sobre a pauta de reivindica\u00e7\u00f5es \u2013 protocolada em janeiro.<\/p>\n<p>No dia anterior ao ato, 19 de fevereiro, haver\u00e1 o Semin\u00e1rio sobre Negocia\u00e7\u00e3o Coletiva e Direito de Greve voltado para todas as esferas do funcionalismo. Pela manh\u00e3, o evento contar\u00e1 com apresenta\u00e7\u00e3o de painel sobre Negocia\u00e7\u00e3o Coletiva, com a participa\u00e7\u00e3o de representantes do DIEESE, DIAP e AGU. O per\u00edodo da tarde ser\u00e1 dedicado \u00e0 discuss\u00e3o sobre Direito de Greve, com painel das Centrais Sindicais. A CSP-Conlutas compor\u00e1 a mesa junto com outras entidades. O Semin\u00e1rio acontece no audit\u00f3rio Nereu Ramos, na C\u00e2mara dos Deputados.<\/p>\n<p>Para o membro da Secretaria Executiva Nacional da CSP-Conlutas, Paulo Barela, o enevento servir\u00e1 para preparar os trabalhadores contra os ataques que o governo Dilma pretende disparar \u00e0s conquistas dos servidores p\u00fablicos. \u201cVamos dar subs\u00eddios para que os servidores entendam o que est\u00e1 por vir e tra\u00e7ar estrat\u00e9gias para combater as amea\u00e7as aos direitos j\u00e1 conquistados\u201d, disse.<\/p>\n<p>Segundo Barela, o semin\u00e1rio ir\u00e1 contribuir tamb\u00e9m para que nesta Campanha Unificada os servidores entendam o que v\u00e3o defender e quem ir\u00e3o enfrentar. \u201cO governo quer retirar o direito de greve e temos que fazer press\u00e3o contra isso. Diferente da CUT, CTB, For\u00e7a Sindical e outras centrais, a CSP-Conlutas compreende que n\u00e3o h\u00e1 correla\u00e7\u00e3o de for\u00e7as na conjuntura e no Congresso Nacional para disputar um projeto de regulamenta\u00e7\u00e3o de greve que favore\u00e7a os servidores\u201d, explicou, completando que a disputa dever\u00e1 ser feita \u201cnas ruas, na mobiliza\u00e7\u00e3o e nas greves\u201d.<\/p>\n<p>Por isso, o dirigente reiterou a import\u00e2ncia de se organizar uma campanha forte em defesa do direito de greve. \u201cPrecisamos debater o que isso significa, pois s\u00f3 podemos nos defender entendendo a fundo o que representa mais esse ataque. Tamb\u00e9m vamos mostrar aos governantes, no lan\u00e7amento da Campanha, a for\u00e7a dos servidores e de nossa unidade\u201d, salientou.<\/p>\n<p>Para Barela, \u00e9 importante que os trabalhadores dos demais setores tamb\u00e9m se unam \u00e0 luta dos servidores contra esse e demais ataques. \u201cA Marcha em Bras\u00edlia no dia 24 de abril cumprir\u00e1 esse papel. Somos contra o ACE e queremos a revoga\u00e7\u00e3o da reforma da previd\u00eancia de 2003, aprovada com o voto dos mensaleiros. Vamos todos levantar nossas bandeiras em comum e lutar juntos\u201d, finalizou.<\/p>\n<p>Um folder eletr\u00f4nico com detalhes do Semin\u00e1rio e do lan\u00e7amento da Campanha Salarial ser\u00e1 elaborado e amplamente divulgado nos sites e redes sociais.<\/p>\n<p><em>*Com informa\u00e7\u00f5es da CSP-Conlutas<\/em><\/p>\n<p><em>Fonte: ANDES-SN<\/em><\/p>\n","protected":false},"excerpt":{"rendered":"<p>Os servidores p\u00fablicos federais j\u00e1 prepararam seu calend\u00e1rio de mobiliza\u00e7\u00f5es para o pr\u00f3ximo per\u00edodo. Entre as principais atividades est\u00e1 o lan\u00e7amento oficial da Campanha Unificada dos Servidores P\u00fablicos Federais (SPF) e o Semin\u00e1rio sobre Negocia\u00e7\u00e3o Coletiva e o Direito de Greve. A pauta de reivindica\u00e7\u00f5es 2013 j\u00e1 foi protocolada junto aos \u00f3rg\u00e3os do governo e,&hellip;<\/p>\n","protected":false},"author":3,"featured_media":0,"comment_status":"open","ping_status":"open","sticky":false,"template":"","format":"standard","meta":{"footnotes":""},"categories":[15],"tags":[285,187],"class_list":["post-4681","post","type-post","status-publish","format-standard","hentry","category-noticias","tag-campanha-salarial-2013","tag-spfs","category-15","description-off"],"_links":{"self":[{"href":"https:\/\/www.adufpb.org.br\/site\/wp-json\/wp\/v2\/posts\/4681","targetHints":{"allow":["GET"]}}],"collection":[{"href":"https:\/\/www.adufpb.org.br\/site\/wp-json\/wp\/v2\/posts"}],"about":[{"href":"https:\/\/www.adufpb.org.br\/site\/wp-json\/wp\/v2\/types\/post"}],"author":[{"embeddable":true,"href":"https:\/\/www.adufpb.org.br\/site\/wp-json\/wp\/v2\/users\/3"}],"replies":[{"embeddable":true,"href":"https:\/\/www.adufpb.org.br\/site\/wp-json\/wp\/v2\/comments?post=4681"}],"version-history":[{"count":1,"href":"https:\/\/www.adufpb.org.br\/site\/wp-json\/wp\/v2\/posts\/4681\/revisions"}],"predecessor-version":[{"id":4682,"href":"https:\/\/www.adufpb.org.br\/site\/wp-json\/wp\/v2\/posts\/4681\/revisions\/4682"}],"wp:attachment":[{"href":"https:\/\/www.adufpb.org.br\/site\/wp-json\/wp\/v2\/media?parent=4681"}],"wp:term":[{"taxonomy":"category","embeddable":true,"href":"https:\/\/www.adufpb.org.br\/site\/wp-json\/wp\/v2\/categories?post=4681"},{"taxonomy":"post_tag","embeddable":true,"href":"https:\/\/www.adufpb.org.br\/site\/wp-json\/wp\/v2\/tags?post=4681"}],"curies":[{"name":"wp","href":"https:\/\/api.w.org\/{rel}","templated":true}]}}