{"id":4588,"date":"2013-01-29T03:08:29","date_gmt":"2013-01-29T07:08:29","guid":{"rendered":"http:\/\/www.adufpb.org.br\/site\/?p=4588"},"modified":"2013-01-29T03:08:29","modified_gmt":"2013-01-29T07:08:29","slug":"nota-de-pesar-19","status":"publish","type":"post","link":"https:\/\/www.adufpb.org.br\/site\/nota-de-pesar-19\/","title":{"rendered":"NOTA DE PESAR"},"content":{"rendered":"<p style=\"text-align: left;\" align=\"center\"><span style=\"font-size: medium;\">O Sindicato Nacional dos Docentes das Institui\u00e7\u00f5es de Ensino Superior ANDES-SN, diante dos infaustos acontecimentos ocorridos na cidade de Santa Maria RS, na madrugada de domingo, dia 27 de janeiro, em que pereceram mais de 230 jovens, dos quais mais de cem eram estudantes da Universidade Federal de Santa Maria RS, e mais de 100 ficaram feridos, manifesta os sentimentos de toda a categoria de docentes de tristeza e solidariedade \u00e0s fam\u00edlias que perderam seus entes queridos, e a toda comunidade universit\u00e1ria da UFSM, especialmente ao segmento dos estudantes por essas perdas irrepar\u00e1veis. Exige ainda, neste momento de dor, juntamente com todos os brasileiros, a\u00e7\u00f5es efetivas do poder p\u00fablico para que trag\u00e9dias como essa n\u00e3o se repitam, garantindo-se a todos brasileiros e brasileiras os direitos \u00e0 educa\u00e7\u00e3o, \u00e0 sa\u00fade e \u00e0 seguran\u00e7a para uma vida digna e humana.<\/span><\/p>\n<p align=\"center\"><span style=\"font-size: medium;\">\u00a0<\/span><\/p>\n<p align=\"center\"><span style=\"font-size: medium;\">Diretoria do ANDES-SN<\/span><\/p>\n<p style=\"text-align: center;\" align=\"right\"><span style=\"font-size: medium; text-align: center;\">Bras\u00edlia, 28 de janeiro de 2013<\/span><\/p>\n<div><span style=\"font-size: medium;\">\u00a0<\/span><\/div>\n<p><span style=\"font-size: medium;\">\u00a0<\/span><\/p>\n","protected":false},"excerpt":{"rendered":"<p>O Sindicato Nacional dos Docentes das Institui\u00e7\u00f5es de Ensino Superior ANDES-SN, diante dos infaustos acontecimentos ocorridos na cidade de Santa Maria RS, na madrugada de domingo, dia 27 de janeiro, em que pereceram mais de 230 jovens, dos quais mais de cem eram estudantes da Universidade Federal de Santa Maria RS, e mais de 100&hellip;<\/p>\n","protected":false},"author":3,"featured_media":0,"comment_status":"open","ping_status":"open","sticky":false,"template":"","format":"standard","meta":{"footnotes":""},"categories":[15],"tags":[],"class_list":["post-4588","post","type-post","status-publish","format-standard","hentry","category-noticias","category-15","description-off"],"_links":{"self":[{"href":"https:\/\/www.adufpb.org.br\/site\/wp-json\/wp\/v2\/posts\/4588","targetHints":{"allow":["GET"]}}],"collection":[{"href":"https:\/\/www.adufpb.org.br\/site\/wp-json\/wp\/v2\/posts"}],"about":[{"href":"https:\/\/www.adufpb.org.br\/site\/wp-json\/wp\/v2\/types\/post"}],"author":[{"embeddable":true,"href":"https:\/\/www.adufpb.org.br\/site\/wp-json\/wp\/v2\/users\/3"}],"replies":[{"embeddable":true,"href":"https:\/\/www.adufpb.org.br\/site\/wp-json\/wp\/v2\/comments?post=4588"}],"version-history":[{"count":1,"href":"https:\/\/www.adufpb.org.br\/site\/wp-json\/wp\/v2\/posts\/4588\/revisions"}],"predecessor-version":[{"id":4589,"href":"https:\/\/www.adufpb.org.br\/site\/wp-json\/wp\/v2\/posts\/4588\/revisions\/4589"}],"wp:attachment":[{"href":"https:\/\/www.adufpb.org.br\/site\/wp-json\/wp\/v2\/media?parent=4588"}],"wp:term":[{"taxonomy":"category","embeddable":true,"href":"https:\/\/www.adufpb.org.br\/site\/wp-json\/wp\/v2\/categories?post=4588"},{"taxonomy":"post_tag","embeddable":true,"href":"https:\/\/www.adufpb.org.br\/site\/wp-json\/wp\/v2\/tags?post=4588"}],"curies":[{"name":"wp","href":"https:\/\/api.w.org\/{rel}","templated":true}]}}