{"id":4567,"date":"2013-01-24T21:13:23","date_gmt":"2013-01-25T01:13:23","guid":{"rendered":"http:\/\/www.adufpb.org.br\/site\/?p=4567"},"modified":"2013-01-24T21:20:28","modified_gmt":"2013-01-25T01:20:28","slug":"caderno-de-textos-do-32o-congresso-do-andes-sn","status":"publish","type":"post","link":"https:\/\/www.adufpb.org.br\/site\/caderno-de-textos-do-32o-congresso-do-andes-sn\/","title":{"rendered":"Caderno de textos do 32\u00ba Congresso do Andes-SN"},"content":{"rendered":"<p>O Andes Sindicato Nacional enviou nesta quarta-feira (23\/1) \u00e0s associa\u00e7\u00f5es docentes do Pa\u00eds o Caderno de Textos do 32\u00ba Congresso Nacional, que ser\u00e1 realizado no Rio de Janeiro (RJ) entre os dias 4 e 9 de mar\u00e7o. O documento est\u00e1 dispon\u00edvel no site da ADUFPB, no link &#8220;Documentos&#8221;, que fica localizado no menu esquerdo. Para ter acesso, basta clicar <a href=\"http:\/\/www.adufpb.org.br\/site\/category\/comunicacao\/documentos\/\" target=\"_blank\">aqui<\/a>.<\/p>\n<p>Da ADUFPB, participar\u00e3o do evento 11 delegados e um observador. Os nomes ser\u00e3o escolhidos na pr\u00f3xima assembleia geral da categoria a ser realizada dias 5 e 6 de fevereiro. No dia 5, a reuni\u00e3o acontece nos campi de Bananeiras e Areia. No dia 6, em Jo\u00e3o Pessoa (que inclui os docentes do Litoral Norte).<\/p>\n<p>Aos professores que pretendem concorrer \u00e0s vagas, a ADUFPB est\u00e1 solicitando que apresentem um texto de no m\u00e1ximo duas laudas discorrendo sobre os temas que desejam incluir nas discuss\u00f5es do Congresso.<\/p>\n<p>Esse material precisa ser encaminhado ao e-mail do sindicato (adufpb@terra.com.br) at\u00e9 o dia 30 de janeiro. Os textos ficar\u00e3o disponibilizados no site da ADUFPB (por ordem de chegada do material) e enviados aos e-mails dos professores.<\/p>\n<p><em>Fonte: Ascom ADUFPB<\/em><\/p>\n","protected":false},"excerpt":{"rendered":"<p>O Andes Sindicato Nacional enviou nesta quarta-feira (23\/1) \u00e0s associa\u00e7\u00f5es docentes do Pa\u00eds o Caderno de Textos do 32\u00ba Congresso Nacional, que ser\u00e1 realizado no Rio de Janeiro (RJ) entre os dias 4 e 9 de mar\u00e7o. O documento est\u00e1 dispon\u00edvel no site da ADUFPB, no link &#8220;Documentos&#8221;, que fica localizado no menu esquerdo. Para&hellip;<\/p>\n","protected":false},"author":3,"featured_media":0,"comment_status":"open","ping_status":"open","sticky":false,"template":"","format":"standard","meta":{"footnotes":""},"categories":[15],"tags":[95,293,269],"class_list":["post-4567","post","type-post","status-publish","format-standard","hentry","category-noticias","tag-assembleias","tag-caderno-de-textos","tag-congresso-do-andes","category-15","description-off"],"_links":{"self":[{"href":"https:\/\/www.adufpb.org.br\/site\/wp-json\/wp\/v2\/posts\/4567","targetHints":{"allow":["GET"]}}],"collection":[{"href":"https:\/\/www.adufpb.org.br\/site\/wp-json\/wp\/v2\/posts"}],"about":[{"href":"https:\/\/www.adufpb.org.br\/site\/wp-json\/wp\/v2\/types\/post"}],"author":[{"embeddable":true,"href":"https:\/\/www.adufpb.org.br\/site\/wp-json\/wp\/v2\/users\/3"}],"replies":[{"embeddable":true,"href":"https:\/\/www.adufpb.org.br\/site\/wp-json\/wp\/v2\/comments?post=4567"}],"version-history":[{"count":2,"href":"https:\/\/www.adufpb.org.br\/site\/wp-json\/wp\/v2\/posts\/4567\/revisions"}],"predecessor-version":[{"id":4570,"href":"https:\/\/www.adufpb.org.br\/site\/wp-json\/wp\/v2\/posts\/4567\/revisions\/4570"}],"wp:attachment":[{"href":"https:\/\/www.adufpb.org.br\/site\/wp-json\/wp\/v2\/media?parent=4567"}],"wp:term":[{"taxonomy":"category","embeddable":true,"href":"https:\/\/www.adufpb.org.br\/site\/wp-json\/wp\/v2\/categories?post=4567"},{"taxonomy":"post_tag","embeddable":true,"href":"https:\/\/www.adufpb.org.br\/site\/wp-json\/wp\/v2\/tags?post=4567"}],"curies":[{"name":"wp","href":"https:\/\/api.w.org\/{rel}","templated":true}]}}