{"id":4544,"date":"2013-01-22T20:11:05","date_gmt":"2013-01-23T00:11:05","guid":{"rendered":"http:\/\/www.adufpb.org.br\/site\/?p=4544"},"modified":"2013-01-22T20:11:05","modified_gmt":"2013-01-23T00:11:05","slug":"hoje-palestra-o-outro-lado-da-seca-no-nordeste","status":"publish","type":"post","link":"https:\/\/www.adufpb.org.br\/site\/hoje-palestra-o-outro-lado-da-seca-no-nordeste\/","title":{"rendered":"Hoje: palestra &#8220;O outro lado da seca no Nordeste&#8221;"},"content":{"rendered":"<p><a href=\"http:\/\/www.adufpb.org.br\/site\/wp-content\/uploads\/2013\/01\/seca-no-nordeste1.jpeg\"><img loading=\"lazy\" decoding=\"async\" class=\"alignleft size-medium wp-image-4546\" title=\"seca no nordeste\" src=\"http:\/\/www.adufpb.org.br\/site\/wp-content\/uploads\/2013\/01\/seca-no-nordeste1-300x185.jpeg\" alt=\"\" width=\"300\" height=\"185\" srcset=\"https:\/\/www.adufpb.org.br\/site\/wp-content\/uploads\/2013\/01\/seca-no-nordeste1-300x185.jpeg 300w, https:\/\/www.adufpb.org.br\/site\/wp-content\/uploads\/2013\/01\/seca-no-nordeste1.jpeg 970w\" sizes=\"auto, (max-width: 300px) 100vw, 300px\" \/><\/a>A ADUFPB convida sindicatos, associa\u00e7\u00f5es e a comunidade acad\u00eamica da UFPB para participar nesta ter\u00e7a-feira (22\/1) da palestra &#8220;O outro lado da seca no Nordeste&#8221;, a ser proferida pelo professor doutor Jos\u00e9 Jonas Duarte, do Departamento de Hist\u00f3ria\/CCHLA\/UFPB. O evento ser\u00e1 realizado no audit\u00f3rio 212 do Centro de Educa\u00e7\u00e3o\/UFPB, das 19h \u00e0s 22h.<\/p>\n","protected":false},"excerpt":{"rendered":"<p>A ADUFPB convida sindicatos, associa\u00e7\u00f5es e a comunidade acad\u00eamica da UFPB para participar nesta ter\u00e7a-feira (22\/1) da palestra &#8220;O outro lado da seca no Nordeste&#8221;, a ser proferida pelo professor doutor Jos\u00e9 Jonas Duarte, do Departamento de Hist\u00f3ria\/CCHLA\/UFPB. O evento ser\u00e1 realizado no audit\u00f3rio 212 do Centro de Educa\u00e7\u00e3o\/UFPB, das 19h \u00e0s 22h.<\/p>\n","protected":false},"author":3,"featured_media":0,"comment_status":"open","ping_status":"open","sticky":false,"template":"","format":"standard","meta":{"footnotes":""},"categories":[15],"tags":[57,289,80,288],"class_list":["post-4544","post","type-post","status-publish","format-standard","hentry","category-noticias","tag-eventos","tag-nordeste","tag-palestras","tag-seca","category-15","description-off"],"_links":{"self":[{"href":"https:\/\/www.adufpb.org.br\/site\/wp-json\/wp\/v2\/posts\/4544","targetHints":{"allow":["GET"]}}],"collection":[{"href":"https:\/\/www.adufpb.org.br\/site\/wp-json\/wp\/v2\/posts"}],"about":[{"href":"https:\/\/www.adufpb.org.br\/site\/wp-json\/wp\/v2\/types\/post"}],"author":[{"embeddable":true,"href":"https:\/\/www.adufpb.org.br\/site\/wp-json\/wp\/v2\/users\/3"}],"replies":[{"embeddable":true,"href":"https:\/\/www.adufpb.org.br\/site\/wp-json\/wp\/v2\/comments?post=4544"}],"version-history":[{"count":1,"href":"https:\/\/www.adufpb.org.br\/site\/wp-json\/wp\/v2\/posts\/4544\/revisions"}],"predecessor-version":[{"id":4547,"href":"https:\/\/www.adufpb.org.br\/site\/wp-json\/wp\/v2\/posts\/4544\/revisions\/4547"}],"wp:attachment":[{"href":"https:\/\/www.adufpb.org.br\/site\/wp-json\/wp\/v2\/media?parent=4544"}],"wp:term":[{"taxonomy":"category","embeddable":true,"href":"https:\/\/www.adufpb.org.br\/site\/wp-json\/wp\/v2\/categories?post=4544"},{"taxonomy":"post_tag","embeddable":true,"href":"https:\/\/www.adufpb.org.br\/site\/wp-json\/wp\/v2\/tags?post=4544"}],"curies":[{"name":"wp","href":"https:\/\/api.w.org\/{rel}","templated":true}]}}