{"id":4507,"date":"2013-01-16T21:09:23","date_gmt":"2013-01-17T01:09:23","guid":{"rendered":"http:\/\/www.adufpb.org.br\/site\/?p=4507"},"modified":"2013-01-16T21:09:23","modified_gmt":"2013-01-17T01:09:23","slug":"andes-sn-tera-agenda-com-mec-para-discutir-problemas-nas-ife","status":"publish","type":"post","link":"https:\/\/www.adufpb.org.br\/site\/andes-sn-tera-agenda-com-mec-para-discutir-problemas-nas-ife\/","title":{"rendered":"ANDES-SN ter\u00e1 agenda com MEC para discutir problemas nas IFE"},"content":{"rendered":"<p><a href=\"http:\/\/www.adufpb.org.br\/site\/wp-content\/uploads\/2013\/01\/reuni\u00e3o-do-andes-com-o-MEC-15.01.2013.jpg\"><img loading=\"lazy\" decoding=\"async\" class=\"alignleft size-medium wp-image-4508\" title=\"reuni\u00e3o do andes com o MEC - 15.01.2013\" src=\"http:\/\/www.adufpb.org.br\/site\/wp-content\/uploads\/2013\/01\/reuni\u00e3o-do-andes-com-o-MEC-15.01.2013-300x180.jpg\" alt=\"\" width=\"300\" height=\"180\" srcset=\"https:\/\/www.adufpb.org.br\/site\/wp-content\/uploads\/2013\/01\/reuni\u00e3o-do-andes-com-o-MEC-15.01.2013-300x180.jpg 300w, https:\/\/www.adufpb.org.br\/site\/wp-content\/uploads\/2013\/01\/reuni\u00e3o-do-andes-com-o-MEC-15.01.2013-250x150.jpg 250w, https:\/\/www.adufpb.org.br\/site\/wp-content\/uploads\/2013\/01\/reuni\u00e3o-do-andes-com-o-MEC-15.01.2013.jpg 500w\" sizes=\"auto, (max-width: 300px) 100vw, 300px\" \/><\/a>Em reuni\u00e3o com diretores do ANDES-SN na tarde de ter\u00e7a-feira (15), o ministro da Educa\u00e7\u00e3o, Alo\u00edzio Mercadante, reconheceu a necessidade de estabelecer uma agenda de reuni\u00f5es com o Sindicato Nacional para tratar da pauta apresentada pela entidade, incluindo quest\u00f5es referentes \u00e0 carreira docente e condi\u00e7\u00f5es de trabalho nas Institui\u00e7\u00f5es Federais de Ensino (IFE).<\/p>\n<p>No encontro, a presidente do ANDES-SN, Marinalva Oliveira, apontou que a promulga\u00e7\u00e3o da Lei 12.772\/2012 n\u00e3o encerra a discuss\u00e3o da reestrutura\u00e7\u00e3o da carreira docente e nem acaba com diversos problemas nas institui\u00e7\u00f5es denunciados pelo movimento docente, muitos dos quais inclusive levaram \u00e0 paralisa\u00e7\u00e3o que durou mais de quatro meses.<\/p>\n<p>\u201cSuspendemos a greve do ano passado, mas a categoria compreende que nenhum dos dois pontos centrais do movimento foi atendido. O fato de o ministro Mercadante assumir que precisa ter interlocu\u00e7\u00e3o com o ANDES-SN sobre essas quest\u00f5es mostra que o MEC reconhece a import\u00e2ncia e a legitimidade do Sindicato Nacional e a for\u00e7a do movimento docente\u201d, registra Marinalva.<\/p>\n<p>Os diretores do ANDES-SN ressaltaram ainda durante a reuni\u00e3o que, com a implementa\u00e7\u00e3o da Lei que altera da carreira docente, os professores perceber\u00e3o que muitos dos problemas permanecem. \u201cPara isso, solicitamos uma agenda de discuss\u00f5es para resolver essas pend\u00eancias\u201d, explica a presidente do Sindicato Nacional, que participou do encontro acompanhada do secret\u00e1rio geral, M\u00e1rcio Oliveira, do 1\u00ba tesoureiro, Fausto Camargo Junior, e da 1\u00aa secret\u00e1ria, Marina Barbosa.<\/p>\n<p>Al\u00e9m da carreira docente, o ANDES-SN apontou tamb\u00e9m a necessidade de discutir a agenda para concursos p\u00fablicos, avalia\u00e7\u00e3o institucional, pol\u00edtica de pesquisa nas IFE e a rela\u00e7\u00e3o com as ag\u00eancias reguladoras (Capes e CNPq), infraestrutura nos Campi, biosseguran\u00e7a, gest\u00e3o democr\u00e1tica, ass\u00e9dio moral e elei\u00e7\u00e3o para reitor, entre outros.<\/p>\n<p>Os representantes do MEC pediram que o ANDES-SN encaminhe documentos com as problem\u00e1ticas a serem debatidas para agendamento da pr\u00f3xima reuni\u00e3o, que deve ocorrer nos pr\u00f3ximos 15 dias. Foi solicitado ainda que o Sindicato Nacional apresente suas contribui\u00e7\u00f5es sobre os temas que est\u00e3o sendo regulamentados com a Lei 12.772\/12.<\/p>\n<p>\u201cA reuni\u00e3o foi positiva, pois nos permitir\u00e1 ter uma agenda de reuni\u00f5es com o MEC antes do nosso 32\u00ba Congresso, que ocorre no Rio de Janeiro, no in\u00edcio de mar\u00e7o, no qual a categoria ir\u00e1 deliberar sobre o plano de lutas do Sindicato para 2013. Assim, poderemos avaliar como essas reuni\u00f5es se desenvolveram at\u00e9 l\u00e1 e informar a categoria, para termos melhores condi\u00e7\u00f5es de delibera\u00e7\u00e3o\u201d, conclui Marinalva.<\/p>\n<p><em>Fonte: ANDES-SN<\/em><\/p>\n","protected":false},"excerpt":{"rendered":"<p>Em reuni\u00e3o com diretores do ANDES-SN na tarde de ter\u00e7a-feira (15), o ministro da Educa\u00e7\u00e3o, Alo\u00edzio Mercadante, reconheceu a necessidade de estabelecer uma agenda de reuni\u00f5es com o Sindicato Nacional para tratar da pauta apresentada pela entidade, incluindo quest\u00f5es referentes \u00e0 carreira docente e condi\u00e7\u00f5es de trabalho nas Institui\u00e7\u00f5es Federais de Ensino (IFE). No encontro,&hellip;<\/p>\n","protected":false},"author":3,"featured_media":0,"comment_status":"open","ping_status":"open","sticky":false,"template":"","format":"standard","meta":{"footnotes":""},"categories":[15],"tags":[92,25,202,284,71],"class_list":["post-4507","post","type-post","status-publish","format-standard","hentry","category-noticias","tag-andes","tag-carreira-docente","tag-ifes","tag-lei-12-772","tag-mec","category-15","description-off"],"_links":{"self":[{"href":"https:\/\/www.adufpb.org.br\/site\/wp-json\/wp\/v2\/posts\/4507","targetHints":{"allow":["GET"]}}],"collection":[{"href":"https:\/\/www.adufpb.org.br\/site\/wp-json\/wp\/v2\/posts"}],"about":[{"href":"https:\/\/www.adufpb.org.br\/site\/wp-json\/wp\/v2\/types\/post"}],"author":[{"embeddable":true,"href":"https:\/\/www.adufpb.org.br\/site\/wp-json\/wp\/v2\/users\/3"}],"replies":[{"embeddable":true,"href":"https:\/\/www.adufpb.org.br\/site\/wp-json\/wp\/v2\/comments?post=4507"}],"version-history":[{"count":1,"href":"https:\/\/www.adufpb.org.br\/site\/wp-json\/wp\/v2\/posts\/4507\/revisions"}],"predecessor-version":[{"id":4509,"href":"https:\/\/www.adufpb.org.br\/site\/wp-json\/wp\/v2\/posts\/4507\/revisions\/4509"}],"wp:attachment":[{"href":"https:\/\/www.adufpb.org.br\/site\/wp-json\/wp\/v2\/media?parent=4507"}],"wp:term":[{"taxonomy":"category","embeddable":true,"href":"https:\/\/www.adufpb.org.br\/site\/wp-json\/wp\/v2\/categories?post=4507"},{"taxonomy":"post_tag","embeddable":true,"href":"https:\/\/www.adufpb.org.br\/site\/wp-json\/wp\/v2\/tags?post=4507"}],"curies":[{"name":"wp","href":"https:\/\/api.w.org\/{rel}","templated":true}]}}