{"id":4420,"date":"2012-12-20T02:18:28","date_gmt":"2012-12-20T06:18:28","guid":{"rendered":"http:\/\/www.adufpb.org.br\/site\/?p=4420"},"modified":"2012-12-20T02:18:28","modified_gmt":"2012-12-20T06:18:28","slug":"festa-de-confraternizacao-tera-sistema-especial-de-seguranca","status":"publish","type":"post","link":"https:\/\/www.adufpb.org.br\/site\/festa-de-confraternizacao-tera-sistema-especial-de-seguranca\/","title":{"rendered":"Festa de confraterniza\u00e7\u00e3o ter\u00e1 sistema especial de seguran\u00e7a"},"content":{"rendered":"<p><a href=\"http:\/\/www.adufpb.org.br\/site\/wp-content\/uploads\/2012\/12\/confraterniza\u00e7\u00e3o-de-natal.jpg\"><img loading=\"lazy\" decoding=\"async\" class=\"alignleft size-medium wp-image-4353\" title=\"confraterniza\u00e7\u00e3o de natal\" src=\"http:\/\/www.adufpb.org.br\/site\/wp-content\/uploads\/2012\/12\/confraterniza\u00e7\u00e3o-de-natal-300x215.jpg\" alt=\"\" width=\"300\" height=\"215\" srcset=\"https:\/\/www.adufpb.org.br\/site\/wp-content\/uploads\/2012\/12\/confraterniza\u00e7\u00e3o-de-natal-300x215.jpg 300w, https:\/\/www.adufpb.org.br\/site\/wp-content\/uploads\/2012\/12\/confraterniza\u00e7\u00e3o-de-natal.jpg 492w\" sizes=\"auto, (max-width: 300px) 100vw, 300px\" \/><\/a>A ADUFPB preparou um sistema especial para garantir a seguran\u00e7a dos professores durante a festa de confraterniza\u00e7\u00e3o que ser\u00e1 realizada na pr\u00f3xima quinta-feira (20\/12).\u00a0\u00a0Foram contratados 20 seguran\u00e7as. Quatro deles ficar\u00e3o circulando de moto pela \u00e1rea externa da casa de recep\u00e7\u00f5es para assegurar a tranquilidade da chegada e da sa\u00edda dos professores.<\/p>\n<p>A confraterniza\u00e7\u00e3o da ADUFPB ser\u00e1 realizada no Jampa Ville, no bairro do Altiplano, a partir das 21h\u00a0(para ver o mapa, basta clicar na imagem abaixo).<\/p>\n<p>Cada professor associado tem direito duas senhas para participar: uma numerada para uso pr\u00f3prio (que ser\u00e1 utilizada ao longo da festa durante o sorteio de brindes) e outra senha sem numera\u00e7\u00e3o para o acompanhante.<\/p>\n<p>Importante lembrar que a senha do professor \u00e9 intransfer\u00edvel e que o acompanhante s\u00f3 ter\u00e1 acesso se estiver com o docente associado.<\/p>\n<p style=\"text-align: center;\"><a href=\"http:\/\/www.adufpb.org.br\/site\/wp-content\/uploads\/2012\/12\/MAPA-JAMPA-VILLE.jpg\"><img loading=\"lazy\" decoding=\"async\" class=\"aligncenter size-medium wp-image-4417\" title=\"MAPA JAMPA VILLE\" src=\"http:\/\/www.adufpb.org.br\/site\/wp-content\/uploads\/2012\/12\/MAPA-JAMPA-VILLE-300x188.jpg\" alt=\"\" width=\"300\" height=\"188\" srcset=\"https:\/\/www.adufpb.org.br\/site\/wp-content\/uploads\/2012\/12\/MAPA-JAMPA-VILLE-300x188.jpg 300w, https:\/\/www.adufpb.org.br\/site\/wp-content\/uploads\/2012\/12\/MAPA-JAMPA-VILLE-1024x643.jpg 1024w, https:\/\/www.adufpb.org.br\/site\/wp-content\/uploads\/2012\/12\/MAPA-JAMPA-VILLE.jpg 1761w\" sizes=\"auto, (max-width: 300px) 100vw, 300px\" \/><\/a><\/p>\n","protected":false},"excerpt":{"rendered":"<p>A ADUFPB preparou um sistema especial para garantir a seguran\u00e7a dos professores durante a festa de confraterniza\u00e7\u00e3o que ser\u00e1 realizada na pr\u00f3xima quinta-feira (20\/12).\u00a0\u00a0Foram contratados 20 seguran\u00e7as. Quatro deles ficar\u00e3o circulando de moto pela \u00e1rea externa da casa de recep\u00e7\u00f5es para assegurar a tranquilidade da chegada e da sa\u00edda dos professores. A confraterniza\u00e7\u00e3o da ADUFPB&hellip;<\/p>\n","protected":false},"author":3,"featured_media":0,"comment_status":"open","ping_status":"open","sticky":false,"template":"","format":"standard","meta":{"footnotes":""},"categories":[15],"tags":[],"class_list":["post-4420","post","type-post","status-publish","format-standard","hentry","category-noticias","category-15","description-off"],"_links":{"self":[{"href":"https:\/\/www.adufpb.org.br\/site\/wp-json\/wp\/v2\/posts\/4420","targetHints":{"allow":["GET"]}}],"collection":[{"href":"https:\/\/www.adufpb.org.br\/site\/wp-json\/wp\/v2\/posts"}],"about":[{"href":"https:\/\/www.adufpb.org.br\/site\/wp-json\/wp\/v2\/types\/post"}],"author":[{"embeddable":true,"href":"https:\/\/www.adufpb.org.br\/site\/wp-json\/wp\/v2\/users\/3"}],"replies":[{"embeddable":true,"href":"https:\/\/www.adufpb.org.br\/site\/wp-json\/wp\/v2\/comments?post=4420"}],"version-history":[{"count":1,"href":"https:\/\/www.adufpb.org.br\/site\/wp-json\/wp\/v2\/posts\/4420\/revisions"}],"predecessor-version":[{"id":4421,"href":"https:\/\/www.adufpb.org.br\/site\/wp-json\/wp\/v2\/posts\/4420\/revisions\/4421"}],"wp:attachment":[{"href":"https:\/\/www.adufpb.org.br\/site\/wp-json\/wp\/v2\/media?parent=4420"}],"wp:term":[{"taxonomy":"category","embeddable":true,"href":"https:\/\/www.adufpb.org.br\/site\/wp-json\/wp\/v2\/categories?post=4420"},{"taxonomy":"post_tag","embeddable":true,"href":"https:\/\/www.adufpb.org.br\/site\/wp-json\/wp\/v2\/tags?post=4420"}],"curies":[{"name":"wp","href":"https:\/\/api.w.org\/{rel}","templated":true}]}}