{"id":442,"date":"2009-09-24T08:15:38","date_gmt":"2009-09-24T12:15:38","guid":{"rendered":"http:\/\/www.adufpb.org.br\/site\/?p=442"},"modified":"2009-09-25T10:35:56","modified_gmt":"2009-09-25T14:35:56","slug":"ofensiva-imperialista-e-tema-de-debate-na-universidade","status":"publish","type":"post","link":"https:\/\/www.adufpb.org.br\/site\/ofensiva-imperialista-e-tema-de-debate-na-universidade\/","title":{"rendered":"Ofensiva imperialista \u00e9 tema de debate na universidade"},"content":{"rendered":"<p>O secret\u00e1rio-geral do PCB, Ivan Pinheiro, membro da comitiva brasileira a Honduras, realizar\u00e1 nesta sexta-feira, dia 25 de setembro, em Jo\u00e3o Pessoa, a palestra \u201cA ofensiva imperialista na Am\u00e9rica Latina: O Golpe em Honduras e as Bases na Col\u00f4mbia\u201d. O evento \u00e9 uma promo\u00e7\u00e3o do Cenpre e da ADUFPB e acontecer\u00e1 no audit\u00f3rio 412 do Centro de Ci\u00eancias Humanas, Letras e Artes (CCHLA) da UFPB, a partir das 19h.<br \/>\n<strong>Tema: <\/strong>A ofensiva imperialista na Am\u00e9rica Latina &#8211; O Golpe em Honduras e as Bases na Col\u00f4mbia<br \/>\n<strong>Quando:<\/strong> sexta-feira, dia 25 de setembro, \u00e0s 19h<br \/>\n<strong>Onde: <\/strong>Audit\u00f3rio 412 do CCHLA (campus I)<\/p>\n","protected":false},"excerpt":{"rendered":"<p>O secret\u00e1rio-geral do PCB, Ivan Pinheiro, membro da comitiva brasileira a Honduras, realizar\u00e1 nesta sexta-feira, dia 25 de setembro, em Jo\u00e3o Pessoa, a palestra \u201cA ofensiva imperialista na Am\u00e9rica Latina: O Golpe em Honduras e as Bases na Col\u00f4mbia\u201d. O evento \u00e9 uma promo\u00e7\u00e3o do Cenpre e da ADUFPB e acontecer\u00e1 no audit\u00f3rio 412 do&hellip;<\/p>\n","protected":false},"author":1,"featured_media":0,"comment_status":"open","ping_status":"open","sticky":false,"template":"","format":"standard","meta":{"footnotes":""},"categories":[15],"tags":[56,55,54,53,50],"class_list":["post-442","post","type-post","status-publish","format-standard","hentry","category-noticias","tag-america-latina","tag-colombia","tag-honduras","tag-ivan-pinheiro","tag-palestra","category-15","description-off"],"_links":{"self":[{"href":"https:\/\/www.adufpb.org.br\/site\/wp-json\/wp\/v2\/posts\/442","targetHints":{"allow":["GET"]}}],"collection":[{"href":"https:\/\/www.adufpb.org.br\/site\/wp-json\/wp\/v2\/posts"}],"about":[{"href":"https:\/\/www.adufpb.org.br\/site\/wp-json\/wp\/v2\/types\/post"}],"author":[{"embeddable":true,"href":"https:\/\/www.adufpb.org.br\/site\/wp-json\/wp\/v2\/users\/1"}],"replies":[{"embeddable":true,"href":"https:\/\/www.adufpb.org.br\/site\/wp-json\/wp\/v2\/comments?post=442"}],"version-history":[{"count":2,"href":"https:\/\/www.adufpb.org.br\/site\/wp-json\/wp\/v2\/posts\/442\/revisions"}],"predecessor-version":[{"id":462,"href":"https:\/\/www.adufpb.org.br\/site\/wp-json\/wp\/v2\/posts\/442\/revisions\/462"}],"wp:attachment":[{"href":"https:\/\/www.adufpb.org.br\/site\/wp-json\/wp\/v2\/media?parent=442"}],"wp:term":[{"taxonomy":"category","embeddable":true,"href":"https:\/\/www.adufpb.org.br\/site\/wp-json\/wp\/v2\/categories?post=442"},{"taxonomy":"post_tag","embeddable":true,"href":"https:\/\/www.adufpb.org.br\/site\/wp-json\/wp\/v2\/tags?post=442"}],"curies":[{"name":"wp","href":"https:\/\/api.w.org\/{rel}","templated":true}]}}