{"id":4393,"date":"2012-12-08T04:38:32","date_gmt":"2012-12-08T08:38:32","guid":{"rendered":"http:\/\/www.adufpb.org.br\/site\/?p=4393"},"modified":"2012-12-12T22:37:09","modified_gmt":"2012-12-13T02:37:09","slug":"coral-vozes-da-adufpb-se-apresenta-na-proxima-5a-feira","status":"publish","type":"post","link":"https:\/\/www.adufpb.org.br\/site\/coral-vozes-da-adufpb-se-apresenta-na-proxima-5a-feira\/","title":{"rendered":"Coral Vozes da ADUFPB se apresenta nesta 5\u00aa feira"},"content":{"rendered":"<p><a href=\"http:\/\/www.adufpb.org.br\/site\/wp-content\/uploads\/2012\/12\/ARTE-DO-CORAL-PARA-INSERIOR-NO-CORPO-DA-MAT\u00c9RIA-11.jpg\"><img loading=\"lazy\" decoding=\"async\" class=\"alignleft size-medium wp-image-4394\" title=\"ARTE DO CORAL PARA INSERIOR NO CORPO DA MAT\u00c9RIA (1)\" src=\"http:\/\/www.adufpb.org.br\/site\/wp-content\/uploads\/2012\/12\/ARTE-DO-CORAL-PARA-INSERIOR-NO-CORPO-DA-MAT\u00c9RIA-11-271x300.jpg\" alt=\"\" width=\"271\" height=\"300\" srcset=\"https:\/\/www.adufpb.org.br\/site\/wp-content\/uploads\/2012\/12\/ARTE-DO-CORAL-PARA-INSERIOR-NO-CORPO-DA-MAT\u00c9RIA-11-271x300.jpg 271w, https:\/\/www.adufpb.org.br\/site\/wp-content\/uploads\/2012\/12\/ARTE-DO-CORAL-PARA-INSERIOR-NO-CORPO-DA-MAT\u00c9RIA-11-925x1024.jpg 925w, https:\/\/www.adufpb.org.br\/site\/wp-content\/uploads\/2012\/12\/ARTE-DO-CORAL-PARA-INSERIOR-NO-CORPO-DA-MAT\u00c9RIA-11.jpg 958w\" sizes=\"auto, (max-width: 271px) 100vw, 271px\" \/><\/a>O coral Vozes da ADUFPB ser\u00e1 uma das atra\u00e7\u00f5es da Cantata de Natal que acontecer\u00e1 na pr\u00f3xima quinta-feira (13\/12), \u00e0s 9h30, no Centro de Viv\u00eancia da Universidade Federal da Para\u00edba.<\/p>\n<p>O evento &#8211; uma promo\u00e7\u00e3o da ADUFPB, atrav\u00e9s do GT Cultura, e do Departamento de M\u00fasica da UFPB &#8211; marcar\u00e1 a primeira apresenta\u00e7\u00e3o do coral, formado por professores e funcion\u00e1rios do Sindicato.<\/p>\n<p>A Cantata contar\u00e1 com a participa\u00e7\u00e3o do maestro Carlos An\u00edsio e de outros grupos art\u00edsticos de canto e de m\u00fasica instrumental da Universidade.<\/p>\n<p>&#8220;\u00c9 uma honra que o nosso Sindicato tenha agora o Coral Vozes da ADUF, significa para n\u00f3s momento de manifesta\u00e7\u00e3o cultural, de lazer, de confraterniza\u00e7\u00e3o e, sobretudo, de unidade&#8221;, declarou a professora Terezinha Diniz, vice-presidente da ADUFPB e organizadora do coral.<\/p>\n<p>&nbsp;<\/p>\n<p style=\"text-align: center;\"><a href=\"http:\/\/www.adufpb.org.br\/site\/wp-content\/uploads\/2012\/12\/Ensaio-Coral-Vozes-ADUFPB.jpg\"><img loading=\"lazy\" decoding=\"async\" class=\"aligncenter size-medium wp-image-4402\" title=\"Ensaio Coral Vozes ADUFPB\" src=\"http:\/\/www.adufpb.org.br\/site\/wp-content\/uploads\/2012\/12\/Ensaio-Coral-Vozes-ADUFPB-300x224.jpg\" alt=\"\" width=\"300\" height=\"224\" srcset=\"https:\/\/www.adufpb.org.br\/site\/wp-content\/uploads\/2012\/12\/Ensaio-Coral-Vozes-ADUFPB-300x224.jpg 300w, https:\/\/www.adufpb.org.br\/site\/wp-content\/uploads\/2012\/12\/Ensaio-Coral-Vozes-ADUFPB-1024x764.jpg 1024w, https:\/\/www.adufpb.org.br\/site\/wp-content\/uploads\/2012\/12\/Ensaio-Coral-Vozes-ADUFPB.jpg 1296w\" sizes=\"auto, (max-width: 300px) 100vw, 300px\" \/><\/a><\/p>\n","protected":false},"excerpt":{"rendered":"<p>O coral Vozes da ADUFPB ser\u00e1 uma das atra\u00e7\u00f5es da Cantata de Natal que acontecer\u00e1 na pr\u00f3xima quinta-feira (13\/12), \u00e0s 9h30, no Centro de Viv\u00eancia da Universidade Federal da Para\u00edba. O evento &#8211; uma promo\u00e7\u00e3o da ADUFPB, atrav\u00e9s do GT Cultura, e do Departamento de M\u00fasica da UFPB &#8211; marcar\u00e1 a primeira apresenta\u00e7\u00e3o do coral,&hellip;<\/p>\n","protected":false},"author":3,"featured_media":0,"comment_status":"open","ping_status":"open","sticky":false,"template":"","format":"standard","meta":{"footnotes":""},"categories":[15],"tags":[278,270,258,279],"class_list":["post-4393","post","type-post","status-publish","format-standard","hentry","category-noticias","tag-cantata-de-natal","tag-coral","tag-coral-adufpb","tag-vozes-da-adufpb","category-15","description-off"],"_links":{"self":[{"href":"https:\/\/www.adufpb.org.br\/site\/wp-json\/wp\/v2\/posts\/4393","targetHints":{"allow":["GET"]}}],"collection":[{"href":"https:\/\/www.adufpb.org.br\/site\/wp-json\/wp\/v2\/posts"}],"about":[{"href":"https:\/\/www.adufpb.org.br\/site\/wp-json\/wp\/v2\/types\/post"}],"author":[{"embeddable":true,"href":"https:\/\/www.adufpb.org.br\/site\/wp-json\/wp\/v2\/users\/3"}],"replies":[{"embeddable":true,"href":"https:\/\/www.adufpb.org.br\/site\/wp-json\/wp\/v2\/comments?post=4393"}],"version-history":[{"count":7,"href":"https:\/\/www.adufpb.org.br\/site\/wp-json\/wp\/v2\/posts\/4393\/revisions"}],"predecessor-version":[{"id":16081,"href":"https:\/\/www.adufpb.org.br\/site\/wp-json\/wp\/v2\/posts\/4393\/revisions\/16081"}],"wp:attachment":[{"href":"https:\/\/www.adufpb.org.br\/site\/wp-json\/wp\/v2\/media?parent=4393"}],"wp:term":[{"taxonomy":"category","embeddable":true,"href":"https:\/\/www.adufpb.org.br\/site\/wp-json\/wp\/v2\/categories?post=4393"},{"taxonomy":"post_tag","embeddable":true,"href":"https:\/\/www.adufpb.org.br\/site\/wp-json\/wp\/v2\/tags?post=4393"}],"curies":[{"name":"wp","href":"https:\/\/api.w.org\/{rel}","templated":true}]}}