{"id":439,"date":"2009-09-24T08:14:46","date_gmt":"2009-09-24T12:14:46","guid":{"rendered":"http:\/\/www.adufpb.org.br\/site\/?p=439"},"modified":"2009-09-24T08:14:46","modified_gmt":"2009-09-24T12:14:46","slug":"editora-francesa-lanca-livro-de-professor-da-ufpb","status":"publish","type":"post","link":"https:\/\/www.adufpb.org.br\/site\/editora-francesa-lanca-livro-de-professor-da-ufpb\/","title":{"rendered":"Editora francesa lan\u00e7a livro de professor da UFPB"},"content":{"rendered":"<p><a href=\"http:\/\/www.adufpb.org.br\/site\/wp-content\/uploads\/2009\/09\/livro-Didier-Guigue.jpg\"><img loading=\"lazy\" decoding=\"async\" class=\"alignleft size-full wp-image-440\" title=\"livro - Didier Guigue\" src=\"http:\/\/www.adufpb.org.br\/site\/wp-content\/uploads\/2009\/09\/livro-Didier-Guigue.jpg\" alt=\"livro - Didier Guigue\" width=\"64\" height=\"100\" \/><\/a>O professor Didier Guigue, atualmente coordenador do Programa de P\u00f3s-Gradua\u00e7\u00e3o em M\u00fasica da UFPB (CCHLA), anuncia a publica\u00e7\u00e3o do seu livro \u201cEsth\u00e9tique de la Sonorit\u00e9\u201d pela editora acad\u00eamica francesa L&#8217;Harmattan, na cole\u00e7\u00e3o Musique-Philosophie.<\/p>\n<p>De acordo com o autor, o livro constitui a suma e s\u00edntese de uma d\u00e9cada de trabalhos realizados com o Grupo de Pesquisa Mus3 que fundou e coordena na UFPB, tendo contado com a colabora\u00e7\u00e3o de gera\u00e7\u00f5es de estudantes de gradua\u00e7\u00e3o, na modalidade PIBIC, e de alguns estudantes de Mestrado. Parte de um dos cap\u00edtulos deste livro j\u00e1 tinha sido publicado em 2007 na Inglaterra, pela Editora Ashgate.<\/p>\n<p>Ensaio no campo da musicologia sistem\u00e1tica, o livro, cujo t\u00edtulo completo pode se traduzir por \u201cEst\u00e9tica da Sonoridade &#8211; A heran\u00e7a debussysta na m\u00fasica para piano do S\u00e9culo XX\u201d, parte do consenso de que, no decorrer do s\u00e9culo XX, o \u201csom\u201d se tornou uma quest\u00e3o central na m\u00fasica. Segundo Makis Solomos, autor do pref\u00e1cio, o autor prop\u00f5e sobre o tema, novas e importantes balizas.<\/p>\n<p>Por meio da abordagem hol\u00edstica de uma sele\u00e7\u00e3o de grandes obras para piano, sustentada por uma metodologia original, ele consegue reunir compositores t\u00e3o diferentes quanto Debussy, Messiaen, Boulez, Stockhausen, Berio, Crumb e Lachenmann, dentro de uma est\u00e9tica comum, uma est\u00e9tica da \u201csonoridade\u201d. A pr\u00f3xima etapa deste projeto consiste em tentar encontrar subs\u00eddios para publica\u00e7\u00e3o no Brasil, em portugu\u00eas.<\/p>\n<p>O livro pode ser adquirido diretamente atrav\u00e9s do site da editora L&#8217;Harmattan, atrav\u00e9s do link: <a href=\"http:\/\/www.harmattan.fr\/index.asp?navig=catalogue&amp;obj=livre&amp;no=29398\" target=\"_blank\">http:\/\/www.harmattan.fr\/index.asp?navig=catalogue&amp;obj=livre&amp;no=29398<\/a><\/p>\n<p>Informa\u00e7\u00f5es complementares em portugu\u00eas no site do Laborat\u00f3rio e Grupo de Pesquisa Mus3: <a href=\"http:\/\/www.cchla.ufpb.br\/mus3\" target=\"_blank\">http:\/\/www.cchla.ufpb.br\/mus3<\/a><\/p>\n","protected":false},"excerpt":{"rendered":"<p>O professor Didier Guigue, atualmente coordenador do Programa de P\u00f3s-Gradua\u00e7\u00e3o em M\u00fasica da UFPB (CCHLA), anuncia a publica\u00e7\u00e3o do seu livro \u201cEsth\u00e9tique de la Sonorit\u00e9\u201d pela editora acad\u00eamica francesa L&#8217;Harmattan, na cole\u00e7\u00e3o Musique-Philosophie. De acordo com o autor, o livro constitui a suma e s\u00edntese de uma d\u00e9cada de trabalhos realizados com o Grupo de&hellip;<\/p>\n","protected":false},"author":1,"featured_media":0,"comment_status":"open","ping_status":"open","sticky":false,"template":"","format":"standard","meta":{"footnotes":""},"categories":[15],"tags":[],"class_list":["post-439","post","type-post","status-publish","format-standard","hentry","category-noticias","category-15","description-off"],"_links":{"self":[{"href":"https:\/\/www.adufpb.org.br\/site\/wp-json\/wp\/v2\/posts\/439","targetHints":{"allow":["GET"]}}],"collection":[{"href":"https:\/\/www.adufpb.org.br\/site\/wp-json\/wp\/v2\/posts"}],"about":[{"href":"https:\/\/www.adufpb.org.br\/site\/wp-json\/wp\/v2\/types\/post"}],"author":[{"embeddable":true,"href":"https:\/\/www.adufpb.org.br\/site\/wp-json\/wp\/v2\/users\/1"}],"replies":[{"embeddable":true,"href":"https:\/\/www.adufpb.org.br\/site\/wp-json\/wp\/v2\/comments?post=439"}],"version-history":[{"count":1,"href":"https:\/\/www.adufpb.org.br\/site\/wp-json\/wp\/v2\/posts\/439\/revisions"}],"predecessor-version":[{"id":441,"href":"https:\/\/www.adufpb.org.br\/site\/wp-json\/wp\/v2\/posts\/439\/revisions\/441"}],"wp:attachment":[{"href":"https:\/\/www.adufpb.org.br\/site\/wp-json\/wp\/v2\/media?parent=439"}],"wp:term":[{"taxonomy":"category","embeddable":true,"href":"https:\/\/www.adufpb.org.br\/site\/wp-json\/wp\/v2\/categories?post=439"},{"taxonomy":"post_tag","embeddable":true,"href":"https:\/\/www.adufpb.org.br\/site\/wp-json\/wp\/v2\/tags?post=439"}],"curies":[{"name":"wp","href":"https:\/\/api.w.org\/{rel}","templated":true}]}}