{"id":4350,"date":"2012-12-05T06:19:51","date_gmt":"2012-12-05T10:19:51","guid":{"rendered":"http:\/\/www.adufpb.org.br\/site\/?p=4350"},"modified":"2012-12-05T06:19:51","modified_gmt":"2012-12-05T10:19:51","slug":"audiencia-publica-sobre-a-ebserh-sera-nesta-5a-feira","status":"publish","type":"post","link":"https:\/\/www.adufpb.org.br\/site\/audiencia-publica-sobre-a-ebserh-sera-nesta-5a-feira\/","title":{"rendered":"Audi\u00eancia p\u00fablica sobre a Ebserh ser\u00e1 nesta 5\u00aa feira"},"content":{"rendered":"<p>Ser\u00e1 realizada nesta quinta-feira (6\/12) a Audi\u00eancia P\u00fablica que vai tratar da cria\u00e7\u00e3o da Ebserh (Empresa Brasileira de Servi\u00e7os Hospitalares).\u00a0O debate acontecer\u00e1 no audit\u00f3rio do Hospital Universit\u00e1rio Lauro Wanderley a partir das 14h.\u00a0A audi\u00eancia foi solicitada pela ADUFPB, pelo\u00a0SINTESPB e pelo Coletivo da Sa\u00fade da UFPB.<\/p>\n","protected":false},"excerpt":{"rendered":"<p>Ser\u00e1 realizada nesta quinta-feira (6\/12) a Audi\u00eancia P\u00fablica que vai tratar da cria\u00e7\u00e3o da Ebserh (Empresa Brasileira de Servi\u00e7os Hospitalares).\u00a0O debate acontecer\u00e1 no audit\u00f3rio do Hospital Universit\u00e1rio Lauro Wanderley a partir das 14h.\u00a0A audi\u00eancia foi solicitada pela ADUFPB, pelo\u00a0SINTESPB e pelo Coletivo da Sa\u00fade da UFPB.<\/p>\n","protected":false},"author":3,"featured_media":0,"comment_status":"open","ping_status":"open","sticky":false,"template":"","format":"standard","meta":{"footnotes":""},"categories":[15],"tags":[249,201,182,250],"class_list":["post-4350","post","type-post","status-publish","format-standard","hentry","category-noticias","tag-ebserh","tag-empresa-dos-hospitais","tag-hospitais-universitarios","tag-hu","category-15","description-off"],"_links":{"self":[{"href":"https:\/\/www.adufpb.org.br\/site\/wp-json\/wp\/v2\/posts\/4350","targetHints":{"allow":["GET"]}}],"collection":[{"href":"https:\/\/www.adufpb.org.br\/site\/wp-json\/wp\/v2\/posts"}],"about":[{"href":"https:\/\/www.adufpb.org.br\/site\/wp-json\/wp\/v2\/types\/post"}],"author":[{"embeddable":true,"href":"https:\/\/www.adufpb.org.br\/site\/wp-json\/wp\/v2\/users\/3"}],"replies":[{"embeddable":true,"href":"https:\/\/www.adufpb.org.br\/site\/wp-json\/wp\/v2\/comments?post=4350"}],"version-history":[{"count":1,"href":"https:\/\/www.adufpb.org.br\/site\/wp-json\/wp\/v2\/posts\/4350\/revisions"}],"predecessor-version":[{"id":4351,"href":"https:\/\/www.adufpb.org.br\/site\/wp-json\/wp\/v2\/posts\/4350\/revisions\/4351"}],"wp:attachment":[{"href":"https:\/\/www.adufpb.org.br\/site\/wp-json\/wp\/v2\/media?parent=4350"}],"wp:term":[{"taxonomy":"category","embeddable":true,"href":"https:\/\/www.adufpb.org.br\/site\/wp-json\/wp\/v2\/categories?post=4350"},{"taxonomy":"post_tag","embeddable":true,"href":"https:\/\/www.adufpb.org.br\/site\/wp-json\/wp\/v2\/tags?post=4350"}],"curies":[{"name":"wp","href":"https:\/\/api.w.org\/{rel}","templated":true}]}}