{"id":4326,"date":"2012-11-19T21:19:28","date_gmt":"2012-11-20T01:19:28","guid":{"rendered":"http:\/\/www.adufpb.org.br\/site\/?p=4326"},"modified":"2012-11-19T22:30:07","modified_gmt":"2012-11-20T02:30:07","slug":"diretoria-do-andes-sn-convoca-para-o-32o-congresso-da-entidade","status":"publish","type":"post","link":"https:\/\/www.adufpb.org.br\/site\/diretoria-do-andes-sn-convoca-para-o-32o-congresso-da-entidade\/","title":{"rendered":"Diretoria do ANDES-SN convoca para o 32\u00ba Congresso da entidade"},"content":{"rendered":"<p><em>Contribui\u00e7\u00f5es para compor o Caderno de Textos j\u00e1 podem ser enviadas<\/em><\/p>\n<p>A diretoria do ANDES-SN divulgou na ter\u00e7a-feira (13) a convoca\u00e7\u00e3o para o 32\u00ba Congresso do Sindicato Nacional, que ser\u00e1 realizado no in\u00edcio de 2013, na cidade do Rio de Janeiro, contando com o apoio organizativo da Associa\u00e7\u00e3o dos Docentes da Universidade Federal do Rio de Janeiro \u2013 Se\u00e7\u00e3o Sindical.<\/p>\n<p>O encontro acontece entre os dias 4 e 9 mar\u00e7o e ter\u00e1 como tema central: Sindicato Nacional na luta pelo projeto de educa\u00e7\u00e3o e de condi\u00e7\u00f5es de trabalho. O local do 32\u00ba Congresso foi escolhido por aclama\u00e7\u00e3o pelos delegados do \u00faltimo Congresso da entidade, realizado em janeiro de 2012, em Manaus (AM).<\/p>\n<p>O Sindicato j\u00e1 est\u00e1 recebendo tamb\u00e9m contribui\u00e7\u00f5es para compor o caderno de textos do 32\u00ba Congresso, que podem ser enviadas at\u00e9 o dia 10 de janeiro de 2013, por e-mail. Os materiais que chegarem \u00e0 sede do ANDES-SN no per\u00edodo de 11 de janeiro a 10 de fevereiro, tamb\u00e9m ser\u00e3o remetidas \u00e0s se\u00e7\u00f5es sindicais, juntamente com as corre\u00e7\u00f5es e an\u00e1lises de textos, para compore o anexo ao Caderno de Textos, que deve ser publicado no dia 21 de fevereiro.<\/p>\n<p>Segundo o Secret\u00e1rio Geral do ANDES-SN, M\u00e1rcio de Oliveira, a diretoria tamb\u00e9m j\u00e1 est\u00e1 preparando suas contribui\u00e7\u00f5es para compor o Caderno. \u201cIremos levar em considera\u00e7\u00e3o as propostas dos grupos de trabalho do ANDES-SN, e tamb\u00e9m elementos recentes da conjuntura, como o resultado da Audi\u00eancia P\u00fablica sobre o PL 4368\/12, que acontece no dia 20, na C\u00e2mara\u201d, comentou.<\/p>\n<p>Outro evento que deve fornecer subs\u00eddios para a diretoria, de acordo com o Secret\u00e1rio Geral do sindicato, \u00e9 o ato do pr\u00f3ximo dia 28 no Congresso Nacional, convocado pela CSP-Conlutas, para discutir os ataques \u00e0 classe trabalhadora.<\/p>\n<p>\u201cTodas essas experi\u00eancias, assim como o ciclo de mobiliza\u00e7\u00e3o e greves travadas no \u00faltimo per\u00edodo, dever\u00e3o pautar as propostas de texto da diretoria para os planos de lutas gerais e dos setores\u201d, sinalizou Oliveira.<\/p>\n<p>A circular 267 da Diretoria tamb\u00e9m informa sobre o credenciamento pr\u00e9vio, propor\u00e7\u00e3o de delegados por se\u00e7\u00e3o sindical e documentos necess\u00e1rios para o credenciamento.\u00a0<a href=\"http:\/\/portal.andes.org.br\/imprensa\/noticias\/imp-ult-1543573118.pdf\" target=\"_blank\"><strong>Confira aqui a \u00edntegra da circular.<\/strong><\/a><\/p>\n<p>&nbsp;<\/p>\n<div style=\"text-align: left;\" align=\"right\"><em>Fonte:\u00a0ANDES-SN<\/em><\/div>\n","protected":false},"excerpt":{"rendered":"<p>Contribui\u00e7\u00f5es para compor o Caderno de Textos j\u00e1 podem ser enviadas A diretoria do ANDES-SN divulgou na ter\u00e7a-feira (13) a convoca\u00e7\u00e3o para o 32\u00ba Congresso do Sindicato Nacional, que ser\u00e1 realizado no in\u00edcio de 2013, na cidade do Rio de Janeiro, contando com o apoio organizativo da Associa\u00e7\u00e3o dos Docentes da Universidade Federal do Rio&hellip;<\/p>\n","protected":false},"author":3,"featured_media":0,"comment_status":"open","ping_status":"open","sticky":false,"template":"","format":"standard","meta":{"footnotes":""},"categories":[15],"tags":[92,269],"class_list":["post-4326","post","type-post","status-publish","format-standard","hentry","category-noticias","tag-andes","tag-congresso-do-andes","category-15","description-off"],"_links":{"self":[{"href":"https:\/\/www.adufpb.org.br\/site\/wp-json\/wp\/v2\/posts\/4326","targetHints":{"allow":["GET"]}}],"collection":[{"href":"https:\/\/www.adufpb.org.br\/site\/wp-json\/wp\/v2\/posts"}],"about":[{"href":"https:\/\/www.adufpb.org.br\/site\/wp-json\/wp\/v2\/types\/post"}],"author":[{"embeddable":true,"href":"https:\/\/www.adufpb.org.br\/site\/wp-json\/wp\/v2\/users\/3"}],"replies":[{"embeddable":true,"href":"https:\/\/www.adufpb.org.br\/site\/wp-json\/wp\/v2\/comments?post=4326"}],"version-history":[{"count":2,"href":"https:\/\/www.adufpb.org.br\/site\/wp-json\/wp\/v2\/posts\/4326\/revisions"}],"predecessor-version":[{"id":4328,"href":"https:\/\/www.adufpb.org.br\/site\/wp-json\/wp\/v2\/posts\/4326\/revisions\/4328"}],"wp:attachment":[{"href":"https:\/\/www.adufpb.org.br\/site\/wp-json\/wp\/v2\/media?parent=4326"}],"wp:term":[{"taxonomy":"category","embeddable":true,"href":"https:\/\/www.adufpb.org.br\/site\/wp-json\/wp\/v2\/categories?post=4326"},{"taxonomy":"post_tag","embeddable":true,"href":"https:\/\/www.adufpb.org.br\/site\/wp-json\/wp\/v2\/tags?post=4326"}],"curies":[{"name":"wp","href":"https:\/\/api.w.org\/{rel}","templated":true}]}}