{"id":4275,"date":"2012-11-07T22:49:44","date_gmt":"2012-11-08T02:49:44","guid":{"rendered":"http:\/\/www.adufpb.org.br\/site\/?p=4275"},"modified":"2012-11-07T22:49:44","modified_gmt":"2012-11-08T02:49:44","slug":"vi-encontro-intersetorial-comecara-na-proxima-sexta-9","status":"publish","type":"post","link":"https:\/\/www.adufpb.org.br\/site\/vi-encontro-intersetorial-comecara-na-proxima-sexta-9\/","title":{"rendered":"VI Encontro Intersetorial come\u00e7ar\u00e1 na pr\u00f3xima sexta (9)"},"content":{"rendered":"<div id=\"conteudo\">\n<p>Com o desafio de unificar as a\u00e7\u00f5es do ANDES-SN na nova conjuntura aberta pelo ciclo de lutas enfrentado pelos docentes, ser\u00e1 realizado de 9 a 11 de novembro, em Bras\u00edlia, o VI Encontro Intersetorial do ANDES-SN. A realiza\u00e7\u00e3o do encontro foi proposta pela diretoria do Sindicato Nacional no 57\u00ba CONAD, em Parna\u00edba (PI), a partir da necessidade de reunir os tr\u00eas setores representados pela entidade e tendo como objetivo elaborar uma pol\u00edtica comum de a\u00e7\u00e3o, trocar experi\u00eancias e aprofundar a discuss\u00e3o sobre o processo de enfrentamentos da categoria docente.<\/p>\n<p>O VI Encontro Intersetorial ter\u00e1 o objetivo de fazer uma reaproxima\u00e7\u00e3o entre os setores que fazem parte do ANDES-SN, para identificar pontos comuns de luta e tirar uma pol\u00edtica unificada de a\u00e7\u00e3o. \u201cA precariza\u00e7\u00e3o nas condi\u00e7\u00f5es de trabalho, a desconstitui\u00e7\u00e3o de direitos, a criminaliza\u00e7\u00e3o da diverg\u00eancia, o ass\u00e9dio moral, o adoecimento docente e o produtivismo s\u00e3o problemas enfrentados tanto pelos professores das Institui\u00e7\u00f5es Federais, quanto das Estaduais, Municipais e Particulares. Devemos, portanto, ter uma pol\u00edtica comum de enfrentamento a esse problemas\u201d avalia Marinalva Oliveira, presidente do ANDES-SN.<\/p>\n<p>Para o 2\u00ba Secret\u00e1rio do ANDES-SN e encarregado pela organiza\u00e7\u00e3o do evento, Paulo Rizzo, o desafio do VI Encontro Intersetorial ser\u00e1 unificar a a\u00e7\u00e3o do sindicato numa nova conjuntura, que j\u00e1 estava sendo desenhada no 57\u00ba Conad, em julho, marcada pela\u00a0 experi\u00eancia de luta das Ifes e Iees\/Imes e o enfrentamento de demiss\u00f5es nas particulares.<\/p>\n<p>\u201cPassamos por ricas experi\u00eancias de mobiliza\u00e7\u00e3o e se viu a necessidade de mais uma vez reunir os tr\u00eas setores do ANDES-SN para discutir a defesa da categoria e do Sindicato Nacional e a sua constru\u00e7\u00e3o na conjuntura aberta pelo ciclo de lutas travadas no \u00faltimo semestre pelos docentes\u201d, avalia Rizzo.<\/p>\n<p>Diferente dos Congressos e Conads do ANDES-SN, o Encontro Intersetorial n\u00e3o tem car\u00e1ter deliberativo, e sim organizativo. Ou seja, ter\u00e1 fun\u00e7\u00e3o de articular as a\u00e7\u00f5es e atividades do Sindicato Nacional para o pr\u00f3ximo per\u00edodo. Para dar conta dessa tarefa, o VI Encontro Intersetorial foi organizado de forma a promover a reflex\u00e3o, o debate e tamb\u00e9m a troca de experi\u00eancia entre os docentes.<\/p>\n<p><strong>Programa\u00e7\u00e3o<br \/>\n<\/strong>O VI Encontro Intersetorial come\u00e7ar\u00e1 na noite da sexta-feira (9). Ap\u00f3s a abertura, haver\u00e1 o painel \u201cA luta em defesa da liberdade de organiza\u00e7\u00e3o sindical: reforma sindical e o Acordo Coletivo Especial (ACE); a Lei de Greve no Servi\u00e7o P\u00fablico e os Projetos de Leis sobre terceiriza\u00e7\u00e3o\u201d. Os palestrantes ser\u00e3o o diretor da CSP Conlutas Sebasti\u00e3o Carlos (Cacau) e o diretor do ANDES-SN Paulo Rizzo.<\/p>\n<p>No s\u00e1bado (10) pela manh\u00e3, o segundo painel debater\u00e1 \u201cOs desafios da defesa e da constru\u00e7\u00e3o do ANDES-SN a partir do \u00faltimo ciclo de mobiliza\u00e7\u00f5es\u201d. Os expositores ser\u00e3o a presidente do ANDES-SN, Marinalva Oliveira, e o secret\u00e1rio-geral do Sindicato, M\u00e1rcio Oliveira. \u00c0 tarde haver\u00e1 uma mesa que debater\u00e1 as experi\u00eancias de mobiliza\u00e7\u00e3o a partir dos trabalhos de base. \u00c0 noite, a partir das 18h, grupos de discuss\u00e3o debater\u00e3o as estrat\u00e9gias de a\u00e7\u00e3o do Sindicato e a valoriza\u00e7\u00e3o do trabalho docente\u201d.<\/p>\n<p>Os grupos de discuss\u00e3o continuar\u00e3o no domingo de manh\u00e3 debatendo as estrat\u00e9gias de a\u00e7\u00e3o do Sindicato e a organiza\u00e7\u00e3o do trabalho de base. \u00c0s 14h haver\u00e1 a plen\u00e1ria final e, \u00e0s 16h, o encerramento.<\/p>\n<p>Apesar de o Encontro Intersetorial n\u00e3o ser deliberativo, podem ser tirados encaminhamentos de acordo com as pol\u00edticas j\u00e1 definidas em Congressos e Conad. Os participantes s\u00e3o indica\u00e7\u00f5es pelas se\u00e7\u00f5es sindicais, sem limites de representa\u00e7\u00e3o. No 57\u00ba Conad foi aprovada uma planilha de financiamento para diversas se\u00e7\u00f5es sindicais pequenas, que n\u00e3o teriam recursos de enviar representa\u00e7\u00e3o.<\/p>\n<p>Acesse\u00a0<a href=\"http:\/\/portal.andes.org.br\/imprensa\/noticias\/imp-ult-789219963.PDF\" target=\"_blank\">aqui<\/a>\u00a0a programa\u00e7\u00e3o.<\/p>\n<div style=\"text-align: left;\" align=\"right\"><em>Fonte:\u00a0ANDES-SN<\/em><\/div>\n<\/div>\n","protected":false},"excerpt":{"rendered":"<p>Com o desafio de unificar as a\u00e7\u00f5es do ANDES-SN na nova conjuntura aberta pelo ciclo de lutas enfrentado pelos docentes, ser\u00e1 realizado de 9 a 11 de novembro, em Bras\u00edlia, o VI Encontro Intersetorial do ANDES-SN. A realiza\u00e7\u00e3o do encontro foi proposta pela diretoria do Sindicato Nacional no 57\u00ba CONAD, em Parna\u00edba (PI), a partir&hellip;<\/p>\n","protected":false},"author":3,"featured_media":0,"comment_status":"open","ping_status":"open","sticky":false,"template":"","format":"standard","meta":{"footnotes":""},"categories":[15],"tags":[92],"class_list":["post-4275","post","type-post","status-publish","format-standard","hentry","category-noticias","tag-andes","category-15","description-off"],"_links":{"self":[{"href":"https:\/\/www.adufpb.org.br\/site\/wp-json\/wp\/v2\/posts\/4275","targetHints":{"allow":["GET"]}}],"collection":[{"href":"https:\/\/www.adufpb.org.br\/site\/wp-json\/wp\/v2\/posts"}],"about":[{"href":"https:\/\/www.adufpb.org.br\/site\/wp-json\/wp\/v2\/types\/post"}],"author":[{"embeddable":true,"href":"https:\/\/www.adufpb.org.br\/site\/wp-json\/wp\/v2\/users\/3"}],"replies":[{"embeddable":true,"href":"https:\/\/www.adufpb.org.br\/site\/wp-json\/wp\/v2\/comments?post=4275"}],"version-history":[{"count":1,"href":"https:\/\/www.adufpb.org.br\/site\/wp-json\/wp\/v2\/posts\/4275\/revisions"}],"predecessor-version":[{"id":4276,"href":"https:\/\/www.adufpb.org.br\/site\/wp-json\/wp\/v2\/posts\/4275\/revisions\/4276"}],"wp:attachment":[{"href":"https:\/\/www.adufpb.org.br\/site\/wp-json\/wp\/v2\/media?parent=4275"}],"wp:term":[{"taxonomy":"category","embeddable":true,"href":"https:\/\/www.adufpb.org.br\/site\/wp-json\/wp\/v2\/categories?post=4275"},{"taxonomy":"post_tag","embeddable":true,"href":"https:\/\/www.adufpb.org.br\/site\/wp-json\/wp\/v2\/tags?post=4275"}],"curies":[{"name":"wp","href":"https:\/\/api.w.org\/{rel}","templated":true}]}}