{"id":4272,"date":"2012-11-07T22:46:13","date_gmt":"2012-11-08T02:46:13","guid":{"rendered":"http:\/\/www.adufpb.org.br\/site\/?p=4272"},"modified":"2012-11-07T22:46:13","modified_gmt":"2012-11-08T02:46:13","slug":"video-faz-um-balanco-da-ultima-greve-nas-ife","status":"publish","type":"post","link":"https:\/\/www.adufpb.org.br\/site\/video-faz-um-balanco-da-ultima-greve-nas-ife\/","title":{"rendered":"V\u00eddeo faz um balan\u00e7o da \u00faltima greve nas IFE"},"content":{"rendered":"<p>Como forma de multiplicar em diferentes m\u00eddias o posicionamento do ANDES-SN sobre a greve realizada este ano pelos docentes das Institui\u00e7\u00f5es Federais de Ensino (IFE), o Sindicato Nacional disponibilizou na p\u00e1gina da entidade um v\u00eddeo com uma avalia\u00e7\u00e3o sobre o movimento grevista.<\/p>\n<p>Na sua fala, a preside<a href=\"http:\/\/www.adufpb.org.br\/site\/wp-content\/uploads\/2012\/11\/v\u00eddeo-de-marinalva-oliveira.png\"><img loading=\"lazy\" decoding=\"async\" class=\"alignleft size-medium wp-image-4273\" title=\"v\u00eddeo de marinalva oliveira\" src=\"http:\/\/www.adufpb.org.br\/site\/wp-content\/uploads\/2012\/11\/v\u00eddeo-de-marinalva-oliveira-300x182.png\" alt=\"\" width=\"300\" height=\"182\" srcset=\"https:\/\/www.adufpb.org.br\/site\/wp-content\/uploads\/2012\/11\/v\u00eddeo-de-marinalva-oliveira-300x182.png 300w, https:\/\/www.adufpb.org.br\/site\/wp-content\/uploads\/2012\/11\/v\u00eddeo-de-marinalva-oliveira.png 641w\" sizes=\"auto, (max-width: 300px) 100vw, 300px\" \/><\/a>nte do Sindicato, Marinalva Oliveira, mostra as raz\u00f5es que levaram a categoria \u00e0 paralisa\u00e7\u00e3o e aponta perspectivas para o movimento docente. &#8220;A desvaloriza\u00e7\u00e3o do trabalho do professor das Institui\u00e7\u00f5es Federais de Ensino faz parte de um projeto do governo federal para desmontar a educa\u00e7\u00e3o de qualidade e a nossa greve foi uma rea\u00e7\u00e3o a essa pol\u00edtica&#8221;, explica.<\/p>\n<p>&#8220;Esta foi uma greve conceitual, pois quando reivindicamos melhores condi\u00e7\u00f5es de trabalho, est\u00e1vamos reivindicando uma educa\u00e7\u00e3o de qualidade, baseada no trip\u00e9 ensino, pesquisa e extens\u00e3o, da\u00ed porque tivemos um forte apoio da sociedade&#8221;, argumenta.<\/p>\n<p>A avalia\u00e7\u00e3o de Marinalva Oliveira \u00e9 de que o Sindicato e a categoria sa\u00edram fortalecidos do movimento grevista, que pode se repetir caso os docentes avaliem nesse sentido. Veja o v\u00eddeo\u00a0<a href=\"http:\/\/www.youtube.com\/watch?v=YTjMahyoUXI&amp;feature=player_embedded\" target=\"_blank\"><strong>aqui.<\/strong><\/a><\/p>\n<p><em>Fonte:\u00a0ANDES-SN<\/em><\/p>\n","protected":false},"excerpt":{"rendered":"<p>Como forma de multiplicar em diferentes m\u00eddias o posicionamento do ANDES-SN sobre a greve realizada este ano pelos docentes das Institui\u00e7\u00f5es Federais de Ensino (IFE), o Sindicato Nacional disponibilizou na p\u00e1gina da entidade um v\u00eddeo com uma avalia\u00e7\u00e3o sobre o movimento grevista. Na sua fala, a presidente do Sindicato, Marinalva Oliveira, mostra as raz\u00f5es que&hellip;<\/p>\n","protected":false},"author":3,"featured_media":0,"comment_status":"open","ping_status":"open","sticky":false,"template":"","format":"standard","meta":{"footnotes":""},"categories":[15],"tags":[92,28,132],"class_list":["post-4272","post","type-post","status-publish","format-standard","hentry","category-noticias","tag-andes","tag-carreira","tag-greve","category-15","description-off"],"_links":{"self":[{"href":"https:\/\/www.adufpb.org.br\/site\/wp-json\/wp\/v2\/posts\/4272","targetHints":{"allow":["GET"]}}],"collection":[{"href":"https:\/\/www.adufpb.org.br\/site\/wp-json\/wp\/v2\/posts"}],"about":[{"href":"https:\/\/www.adufpb.org.br\/site\/wp-json\/wp\/v2\/types\/post"}],"author":[{"embeddable":true,"href":"https:\/\/www.adufpb.org.br\/site\/wp-json\/wp\/v2\/users\/3"}],"replies":[{"embeddable":true,"href":"https:\/\/www.adufpb.org.br\/site\/wp-json\/wp\/v2\/comments?post=4272"}],"version-history":[{"count":1,"href":"https:\/\/www.adufpb.org.br\/site\/wp-json\/wp\/v2\/posts\/4272\/revisions"}],"predecessor-version":[{"id":4274,"href":"https:\/\/www.adufpb.org.br\/site\/wp-json\/wp\/v2\/posts\/4272\/revisions\/4274"}],"wp:attachment":[{"href":"https:\/\/www.adufpb.org.br\/site\/wp-json\/wp\/v2\/media?parent=4272"}],"wp:term":[{"taxonomy":"category","embeddable":true,"href":"https:\/\/www.adufpb.org.br\/site\/wp-json\/wp\/v2\/categories?post=4272"},{"taxonomy":"post_tag","embeddable":true,"href":"https:\/\/www.adufpb.org.br\/site\/wp-json\/wp\/v2\/tags?post=4272"}],"curies":[{"name":"wp","href":"https:\/\/api.w.org\/{rel}","templated":true}]}}