{"id":4266,"date":"2012-11-07T22:31:08","date_gmt":"2012-11-08T02:31:08","guid":{"rendered":"http:\/\/www.adufpb.org.br\/site\/?p=4266"},"modified":"2012-11-07T22:31:08","modified_gmt":"2012-11-08T02:31:08","slug":"docentes-das-ife-realizarao-dia-nacional-de-luta","status":"publish","type":"post","link":"https:\/\/www.adufpb.org.br\/site\/docentes-das-ife-realizarao-dia-nacional-de-luta\/","title":{"rendered":"Docentes das IFE realizar\u00e3o Dia Nacional de Luta"},"content":{"rendered":"<p>Os docentes das Institui\u00e7\u00f5es Federais de Ensino (IFE) v\u00e3o realizar no dia 13 de novembro um Dia Nacional de Luta pela Reestrutura\u00e7\u00e3o da Carreira. A delibera\u00e7\u00e3o foi tomada na \u00faltima reuni\u00e3o do Setor das IFE, realizada nos dias 27 e 28 de outubro, em Bras\u00edlia. \u201cOs representantes das se\u00e7\u00f5es sindicais avaliaram que \u00e9 preciso mobilizar a categoria e a sociedade para alterar o projeto de lei 4368\/12 e para isso devemos mostrar para os parlamentares a insatisfa\u00e7\u00e3o dos professores com o seu conte\u00fado, unanimemente rejeitado pelar assembleias gerais\u201d, informa o 1\u00ba vice-presidente do ANDES-SN, Luiz Henrique Schuch.<\/p>\n<p>Al\u00e9m de promoverem atividades nas IFE de todo o pa\u00eds, na semana do dia 13 as se\u00e7\u00f5es sindicais devem enviar representantes \u00e0 Bras\u00edlia para dialogar com os parlamentares e chamar a aten\u00e7\u00e3o para as profundas impropriedades contidas no PL 4368\/12, apontando as modifica\u00e7\u00f5es necess\u00e1rias \u00e0 reestrutura\u00e7\u00e3o da carreira docente. \u201cEst\u00e1 prevista uma audi\u00eancia p\u00fablica na Comiss\u00e3o de Trabalho, Administra\u00e7\u00e3o e Servi\u00e7o P\u00fablico (CTASP) da C\u00e2mara dos Deputados para debater o PL 4368\/12. Havendo confirma\u00e7\u00e3o dessa audi\u00eancia, os docentes dever\u00e3o acompanh\u00e1-la.<\/p>\n<p>Al\u00e9m dos contatos que ser\u00e3o feitos em Bras\u00edlia, a press\u00e3o sobre os parlamentares deve acontecer tamb\u00e9m nos estados, de forma articulada entre as se\u00e7\u00f5es sindicais e as diretorias regionais do ANDES-SN, \u201cbuscando a apresenta\u00e7\u00e3o de emendas e posicionamentos positivos, tendo como refer\u00eancia o plano de carreira do ANDES-SN\u201d, encaminha o relat\u00f3rio da \u00faltima reuni\u00e3o do Setor.<\/p>\n<p><strong>Delibera\u00e7\u00f5es<\/strong><br \/>\nA reuni\u00e3o do Setor das IFE tamb\u00e9m deliberou que a categoria deve aprofundar o debate a respeito do PL 4368\/12 \u201cutilizando o conte\u00fado das emendas como argumento pedag\u00f3gico a respeito do que est\u00e1 em disputa e expondo o car\u00e1ter desestruturador contido na proposta do governo\u201d.<\/p>\n<p>Para contribuir e fomentar a discuss\u00e3o acerca do projeto, desde o final da greve os diretores do ANDES-SN t\u00eam participado de reuni\u00f5es e encontros organizados pelas Se\u00e7\u00f5es Sindicais e pelas Regionais do Sindicato Nacional.<br \/>\nOutra delibera\u00e7\u00e3o foi de que seja desencandeada uma \u201cchuva de e-mails\u201d dirigida ao gabinete do ministro da Educa\u00e7\u00e3o, cobrando provid\u00eancias para reestruturar a carreira e reverter a precariza\u00e7\u00e3o do trabalho docente nas IFE.<a href=\"http:\/\/portal.andes.org.br\/imprensa\/noticias\/imp-ult-1020507548.pdf\" target=\"_blank\">\u00a0<\/a><strong><a href=\"http:\/\/portal.andes.org.br\/imprensa\/noticias\/imp-ult-1020507548.pdf\" target=\"_blank\">Confira aqui os demais encaminhamentos.\u00a0<\/a><br \/>\n<\/strong><br \/>\n<strong>Agenda para novembro<\/strong><br \/>\n&#8211; Dia 7: Semin\u00e1rio do F\u00f3rum de Entidades dos Servidores P\u00fablicos Federais sobre negocia\u00e7\u00e3o coletiva e direito de greve, em Bras\u00edlia;<\/p>\n<p>&#8211; Dia 7: Audi\u00eancia do ANDES-SN como o Ministro da Educa\u00e7\u00e3o, em Bras\u00edlia;<\/p>\n<p>&#8211; Dia 7: \u201cChuva de e-mails\u201d ao gabinete do Ministro da Educa\u00e7\u00e3o cobrando provid\u00eancias para reestruturar a carreira e reverter a precariza\u00e7\u00e3o do trabalho docente (gabinetedoministro@mec.gov.br)<br \/>\nSugest\u00e3o de texto: Ministro Aloizio Mercadante, a pauta apresentada pelo ANDES-Sindicato Nacional \u00e9 resultado da vontade da categoria, expressa em assembleias gerais, sobre as necessidades atuais das Institui\u00e7\u00f5es Federais de Ensino e aspira\u00e7\u00f5es dos professores quanto \u00e0 carreira. \u00c9 imperioso que o Minist\u00e9rio da Educa\u00e7\u00e3o assuma a sua responsabilidade como interlocutor privilegiado do governo federal nos temas educacionais e estabele\u00e7a negocia\u00e7\u00f5es com o nosso Sindicato que produzam avan\u00e7os concretos no sentido da reestruturar a carreira e reverter a pecariza\u00e7\u00e3o das condi\u00e7oes de trabalho.;<\/p>\n<p>&#8211; Dias 9, 10 e 11: Encontro Intersetorial do ANDES-SN, em Bras\u00edlia;<\/p>\n<p>&#8211; Dia 13: DIA NACIONAL DE LUTA PELA REESTRUTURA\u00c7\u00c3O DA CARREIRA DOCENTE;<\/p>\n<p>&#8211; Dia 13: Audi\u00eancia P\u00fablica na CTASP, C\u00e2mara dos Deputados, sobre o PL 4368\/2012 (a ser confirmada);<\/p>\n<p>&#8211; Dia 28: Ato pol\u00edtico no Congresso Nacional &#8211; audit\u00f3rio Petr\u00f4nio Portela &#8211; contra a flexibiliza\u00e7\u00e3o\/retirada dos direitos dos trabalhadores.<\/p>\n<div style=\"text-align: left;\" align=\"right\"><em>Fonte:\u00a0ANDES-SN<\/em><\/div>\n","protected":false},"excerpt":{"rendered":"<p>Os docentes das Institui\u00e7\u00f5es Federais de Ensino (IFE) v\u00e3o realizar no dia 13 de novembro um Dia Nacional de Luta pela Reestrutura\u00e7\u00e3o da Carreira. A delibera\u00e7\u00e3o foi tomada na \u00faltima reuni\u00e3o do Setor das IFE, realizada nos dias 27 e 28 de outubro, em Bras\u00edlia. \u201cOs representantes das se\u00e7\u00f5es sindicais avaliaram que \u00e9 preciso mobilizar&hellip;<\/p>\n","protected":false},"author":3,"featured_media":0,"comment_status":"open","ping_status":"open","sticky":false,"template":"","format":"standard","meta":{"footnotes":""},"categories":[15],"tags":[92,26],"class_list":["post-4266","post","type-post","status-publish","format-standard","hentry","category-noticias","tag-andes","tag-mobilizacao","category-15","description-off"],"_links":{"self":[{"href":"https:\/\/www.adufpb.org.br\/site\/wp-json\/wp\/v2\/posts\/4266","targetHints":{"allow":["GET"]}}],"collection":[{"href":"https:\/\/www.adufpb.org.br\/site\/wp-json\/wp\/v2\/posts"}],"about":[{"href":"https:\/\/www.adufpb.org.br\/site\/wp-json\/wp\/v2\/types\/post"}],"author":[{"embeddable":true,"href":"https:\/\/www.adufpb.org.br\/site\/wp-json\/wp\/v2\/users\/3"}],"replies":[{"embeddable":true,"href":"https:\/\/www.adufpb.org.br\/site\/wp-json\/wp\/v2\/comments?post=4266"}],"version-history":[{"count":1,"href":"https:\/\/www.adufpb.org.br\/site\/wp-json\/wp\/v2\/posts\/4266\/revisions"}],"predecessor-version":[{"id":4267,"href":"https:\/\/www.adufpb.org.br\/site\/wp-json\/wp\/v2\/posts\/4266\/revisions\/4267"}],"wp:attachment":[{"href":"https:\/\/www.adufpb.org.br\/site\/wp-json\/wp\/v2\/media?parent=4266"}],"wp:term":[{"taxonomy":"category","embeddable":true,"href":"https:\/\/www.adufpb.org.br\/site\/wp-json\/wp\/v2\/categories?post=4266"},{"taxonomy":"post_tag","embeddable":true,"href":"https:\/\/www.adufpb.org.br\/site\/wp-json\/wp\/v2\/tags?post=4266"}],"curies":[{"name":"wp","href":"https:\/\/api.w.org\/{rel}","templated":true}]}}