{"id":4235,"date":"2012-10-30T02:21:05","date_gmt":"2012-10-30T06:21:05","guid":{"rendered":"http:\/\/www.adufpb.org.br\/site\/?p=4235"},"modified":"2012-10-30T02:21:05","modified_gmt":"2012-10-30T06:21:05","slug":"projeto-violadas-realiza-concerto-nesta-terca-feira","status":"publish","type":"post","link":"https:\/\/www.adufpb.org.br\/site\/projeto-violadas-realiza-concerto-nesta-terca-feira\/","title":{"rendered":"Projeto Violadas realiza concerto nesta ter\u00e7a-feira"},"content":{"rendered":"<p><a href=\"http:\/\/www.adufpb.org.br\/site\/wp-content\/uploads\/2012\/10\/e-card-darlan-nascimento.jpg\"><img loading=\"lazy\" decoding=\"async\" class=\"alignleft size-medium wp-image-4236\" title=\"e-card darlan nascimento\" src=\"http:\/\/www.adufpb.org.br\/site\/wp-content\/uploads\/2012\/10\/e-card-darlan-nascimento-300x225.jpg\" alt=\"\" width=\"300\" height=\"225\" srcset=\"https:\/\/www.adufpb.org.br\/site\/wp-content\/uploads\/2012\/10\/e-card-darlan-nascimento-300x225.jpg 300w, https:\/\/www.adufpb.org.br\/site\/wp-content\/uploads\/2012\/10\/e-card-darlan-nascimento-1024x768.jpg 1024w, https:\/\/www.adufpb.org.br\/site\/wp-content\/uploads\/2012\/10\/e-card-darlan-nascimento.jpg 1181w\" sizes=\"auto, (max-width: 300px) 100vw, 300px\" \/><\/a>Ser\u00e1 realizado nesta ter\u00e7a-feira (30\/10) o oitavo concerto da temporada 2012 do projeto Violadas. A apresenta\u00e7\u00e3o acontecer\u00e1 \u00e0s 20h30, na Sala Vladimir Carvalho da Usina Cultural da Energisa. A entrada \u00e9 franca.<\/p>\n<p>O concerto ser\u00e1 do violonista Darlan Nascimento, primeiro mestre em m\u00fasica formado na Para\u00edba. Como violonista, ele j\u00e1 se apresentou diante de orquestras, solando concertos, inclusive um de sua pr\u00f3pria autoria. Tamb\u00e9m atuou na MPB paraibana, dividindo palco com artistas locais como Paulo R\u00f3, Pedro Osmar, Adeildo Vieira, Gl\u00e1ucia Lima, Robson Bass, As Par\u00eaa, tribo \u00c9thnos, al\u00e9m de ter participado de festivais defendendo musicas de sua autoria.<\/p>\n<p>O programa ser\u00e1 composto por obras eruditas de alto n\u00edvel t\u00e9cnico, mas sem deixar de contar com o lirismo e a sensibilidade.<\/p>\n","protected":false},"excerpt":{"rendered":"<p>Ser\u00e1 realizado nesta ter\u00e7a-feira (30\/10) o oitavo concerto da temporada 2012 do projeto Violadas. A apresenta\u00e7\u00e3o acontecer\u00e1 \u00e0s 20h30, na Sala Vladimir Carvalho da Usina Cultural da Energisa. A entrada \u00e9 franca. O concerto ser\u00e1 do violonista Darlan Nascimento, primeiro mestre em m\u00fasica formado na Para\u00edba. Como violonista, ele j\u00e1 se apresentou diante de orquestras,&hellip;<\/p>\n","protected":false},"author":3,"featured_media":0,"comment_status":"open","ping_status":"open","sticky":false,"template":"","format":"standard","meta":{"footnotes":""},"categories":[15],"tags":[],"class_list":["post-4235","post","type-post","status-publish","format-standard","hentry","category-noticias","category-15","description-off"],"_links":{"self":[{"href":"https:\/\/www.adufpb.org.br\/site\/wp-json\/wp\/v2\/posts\/4235","targetHints":{"allow":["GET"]}}],"collection":[{"href":"https:\/\/www.adufpb.org.br\/site\/wp-json\/wp\/v2\/posts"}],"about":[{"href":"https:\/\/www.adufpb.org.br\/site\/wp-json\/wp\/v2\/types\/post"}],"author":[{"embeddable":true,"href":"https:\/\/www.adufpb.org.br\/site\/wp-json\/wp\/v2\/users\/3"}],"replies":[{"embeddable":true,"href":"https:\/\/www.adufpb.org.br\/site\/wp-json\/wp\/v2\/comments?post=4235"}],"version-history":[{"count":1,"href":"https:\/\/www.adufpb.org.br\/site\/wp-json\/wp\/v2\/posts\/4235\/revisions"}],"predecessor-version":[{"id":4237,"href":"https:\/\/www.adufpb.org.br\/site\/wp-json\/wp\/v2\/posts\/4235\/revisions\/4237"}],"wp:attachment":[{"href":"https:\/\/www.adufpb.org.br\/site\/wp-json\/wp\/v2\/media?parent=4235"}],"wp:term":[{"taxonomy":"category","embeddable":true,"href":"https:\/\/www.adufpb.org.br\/site\/wp-json\/wp\/v2\/categories?post=4235"},{"taxonomy":"post_tag","embeddable":true,"href":"https:\/\/www.adufpb.org.br\/site\/wp-json\/wp\/v2\/tags?post=4235"}],"curies":[{"name":"wp","href":"https:\/\/api.w.org\/{rel}","templated":true}]}}