{"id":4180,"date":"2012-10-15T19:23:56","date_gmt":"2012-10-15T23:23:56","guid":{"rendered":"http:\/\/www.adufpb.org.br\/site\/?p=4180"},"modified":"2014-02-19T16:06:32","modified_gmt":"2014-02-19T20:06:32","slug":"dia-15-e-dia-do-professor","status":"publish","type":"post","link":"https:\/\/www.adufpb.org.br\/site\/dia-15-e-dia-do-professor\/","title":{"rendered":"DIA 15 \u00c9 DIA DO PROFESSOR"},"content":{"rendered":"<p><a href=\"http:\/\/www.adufpb.org.br\/site\/wp-content\/uploads\/2012\/10\/Imagens.jpg\"><img loading=\"lazy\" decoding=\"async\" class=\"alignleft size-medium wp-image-4181\" title=\"Imagens\" src=\"http:\/\/www.adufpb.org.br\/site\/wp-content\/uploads\/2012\/10\/Imagens-300x227.jpg\" alt=\"\" width=\"300\" height=\"227\" srcset=\"https:\/\/www.adufpb.org.br\/site\/wp-content\/uploads\/2012\/10\/Imagens-300x227.jpg 300w, https:\/\/www.adufpb.org.br\/site\/wp-content\/uploads\/2012\/10\/Imagens.jpg 476w\" sizes=\"auto, (max-width: 300px) 100vw, 300px\" \/><\/a>Dia 15 de outubro \u00e9 o dia do professor. Mas esse dia 15 de outubro de 2012 \u00e9 mais nosso dia que muitos outros vividos anteriormente, porque neste ano quatro meses de greve d\u00e3o a dimens\u00e3o da luta dos professores das universidades p\u00fablicas brasileiras.<\/p>\n<p>Se o resultado desse tempo de movimento grevista n\u00e3o foi o esperado, certamente n\u00e3o o foi por falta de determina\u00e7\u00e3o, de envolvimento e de lutar em prol das causas pelas quais nos mobilizamos: nossa carreira, melhores condi\u00e7\u00f5es de trabalho e a defesa de uma universidade p\u00fablica, gratuita e de qualidade. Esses elementos acabaram emergindo como temas nacionais porque os professores n\u00e3o se deixaram enredar pelo discurso e pela a\u00e7\u00e3o intransigente do governo que nos \u00faltimos anos vem se esfor\u00e7ando para passar a impress\u00e3o de que as universidades p\u00fablicas est\u00e3o bem, obrigado!<\/p>\n<p>Tivemos que ir \u00e0s ruas para mostrar \u00e0 popula\u00e7\u00e3o brasileira que o crescimento quantitativo das universidades n\u00e3o foi acompanhado pela esperada qualidade. Pr\u00e9dios mal constru\u00eddos, cursos criados sem as condi\u00e7\u00f5es m\u00ednimas de funcionamento, contrata\u00e7\u00e3o de professores que n\u00e3o supriu a demanda reprimida dos anos anteriores, professores com crescente carga hor\u00e1ria, carreira esfacelada e ex\u00edguos sal\u00e1rios s\u00e3o provas de que as universidades n\u00e3o est\u00e3o assim t\u00e3o bem.<\/p>\n<p>Se o governo n\u00e3o se sensibilizou ante o clamor dos professores e da comunidade universit\u00e1ria em geral, ao menos n\u00e3o poder\u00e1 doravante dizer, como dizia antes, que atendeu aos professores e que a quest\u00e3o da universidade est\u00e1 resolvida com o REUNI. Certamente que n\u00e3o.<\/p>\n<p>Com \u00e2nimo revigorado, pelo envolvimento de novos professores(as), vamos nos manter vigilantes e apostando na nossa capacidade de refletir e agir e, assim, fazer crescer a certeza que, como resultado de nossa luta, melhores dias vir\u00e3o. Vamos em frente!<\/p>\n<p style=\"text-align: center;\"><strong>ADUFPB \u2013 GEST\u00c3O 2011-2013<\/strong><\/p>\n","protected":false},"excerpt":{"rendered":"<p>Dia 15 de outubro \u00e9 o dia do professor. Mas esse dia 15 de outubro de 2012 \u00e9 mais nosso dia que muitos outros vividos anteriormente, porque neste ano quatro meses de greve d\u00e3o a dimens\u00e3o da luta dos professores das universidades p\u00fablicas brasileiras. Se o resultado desse tempo de movimento grevista n\u00e3o foi o&hellip;<\/p>\n","protected":false},"author":3,"featured_media":0,"comment_status":"open","ping_status":"open","sticky":false,"template":"","format":"standard","meta":{"footnotes":""},"categories":[16,15],"tags":[66],"class_list":["post-4180","post","type-post","status-publish","format-standard","hentry","category-artigos","category-noticias","tag-dia-do-professor","category-16","category-15","description-off"],"_links":{"self":[{"href":"https:\/\/www.adufpb.org.br\/site\/wp-json\/wp\/v2\/posts\/4180","targetHints":{"allow":["GET"]}}],"collection":[{"href":"https:\/\/www.adufpb.org.br\/site\/wp-json\/wp\/v2\/posts"}],"about":[{"href":"https:\/\/www.adufpb.org.br\/site\/wp-json\/wp\/v2\/types\/post"}],"author":[{"embeddable":true,"href":"https:\/\/www.adufpb.org.br\/site\/wp-json\/wp\/v2\/users\/3"}],"replies":[{"embeddable":true,"href":"https:\/\/www.adufpb.org.br\/site\/wp-json\/wp\/v2\/comments?post=4180"}],"version-history":[{"count":2,"href":"https:\/\/www.adufpb.org.br\/site\/wp-json\/wp\/v2\/posts\/4180\/revisions"}],"predecessor-version":[{"id":8005,"href":"https:\/\/www.adufpb.org.br\/site\/wp-json\/wp\/v2\/posts\/4180\/revisions\/8005"}],"wp:attachment":[{"href":"https:\/\/www.adufpb.org.br\/site\/wp-json\/wp\/v2\/media?parent=4180"}],"wp:term":[{"taxonomy":"category","embeddable":true,"href":"https:\/\/www.adufpb.org.br\/site\/wp-json\/wp\/v2\/categories?post=4180"},{"taxonomy":"post_tag","embeddable":true,"href":"https:\/\/www.adufpb.org.br\/site\/wp-json\/wp\/v2\/tags?post=4180"}],"curies":[{"name":"wp","href":"https:\/\/api.w.org\/{rel}","templated":true}]}}