{"id":4171,"date":"2012-10-08T09:31:04","date_gmt":"2012-10-08T13:31:04","guid":{"rendered":"http:\/\/www.adufpb.org.br\/site\/?p=4171"},"modified":"2012-10-08T23:23:28","modified_gmt":"2012-10-09T03:23:28","slug":"adufpb-firma-novo-convenio-com-a-oi","status":"publish","type":"post","link":"https:\/\/www.adufpb.org.br\/site\/adufpb-firma-novo-convenio-com-a-oi\/","title":{"rendered":"ADUFPB firma novo conv\u00eanio com a operadora OI"},"content":{"rendered":"<p>A ADUFPB firmou um novo conv\u00eanio com a operadora de telefonia OI que prev\u00ea vantagens exclusivas para os professores na aquisi\u00e7\u00e3o de linhas e de aparelhos celular. A partir desta segunda-feira (8\/10), os interessados j\u00e1 podem procurar o servi\u00e7o na sede do sindicato, localizada no Centro de Viv\u00eancia da UFPB. Um funcion\u00e1rio da OI ficar\u00e1 atendendo os professores das 9h \u00e0s 13h at\u00e9 a pr\u00f3xima quinta-feira (11\/10).<\/p>\n<p>Pelo conv\u00eanio, ser\u00e1 poss\u00edvel adquirir o aparelho Samsung Galaxy SII por R$ 199,00 com plano de R$ 79,90 que oferece liga\u00e7\u00f5es ilimitadas para qualquer OI do Brasil, franquia de 100 minutos, tarifa local de R$ 0,25 e pacote de internet de 500MB.<\/p>\n<p>O outro aparelho disponibilizado \u00e9 o iPhone 4S, que custar\u00e1 R$ 299, com plano mensal de R$ 149,90, que d\u00e1 direito a liga\u00e7\u00f5es ilimitadas para qualquer OI, franquia de 100 minutos, tarifa local de R$ 0,25 e pacote de internet de 1GB.<\/p>\n<p>Lembrando que os aparelhos oferecidos s\u00e3o em n\u00famero limitado, portanto os professores interessados devem se apressar para fazer a reserva.<\/p>\n<p>Al\u00e9m dos celulares, a OI tamb\u00e9m oferece condi\u00e7\u00f5es especiais tamb\u00e9m para quem apenas quer adquirir uma nova linha. Por apenas R$ 45 mensais, os professores da ADUFPB poder\u00e3o adquirir um plano que oferece liga\u00e7\u00f5es ilimitadas para OI, franquia de 100 minutos e tarifa local de R$ 0,20.<\/p>\n<p>Clique <a href=\"http:\/\/www.adufpb.org.br\/site\/wp-content\/uploads\/2012\/10\/OI-EMPRESA-ESPECIAL-ADUFPB.pdf\" target=\"_blank\">aqui<\/a> para informa\u00e7\u00f5es mais detalhadas sobre o conv\u00eanio.<\/p>\n","protected":false},"excerpt":{"rendered":"<p>A ADUFPB firmou um novo conv\u00eanio com a operadora de telefonia OI que prev\u00ea vantagens exclusivas para os professores na aquisi\u00e7\u00e3o de linhas e de aparelhos celular. A partir desta segunda-feira (8\/10), os interessados j\u00e1 podem procurar o servi\u00e7o na sede do sindicato, localizada no Centro de Viv\u00eancia da UFPB. Um funcion\u00e1rio da OI ficar\u00e1&hellip;<\/p>\n","protected":false},"author":3,"featured_media":0,"comment_status":"open","ping_status":"open","sticky":false,"template":"","format":"standard","meta":{"footnotes":""},"categories":[15],"tags":[139,248],"class_list":["post-4171","post","type-post","status-publish","format-standard","hentry","category-noticias","tag-convenios","tag-oi","category-15","description-off"],"_links":{"self":[{"href":"https:\/\/www.adufpb.org.br\/site\/wp-json\/wp\/v2\/posts\/4171","targetHints":{"allow":["GET"]}}],"collection":[{"href":"https:\/\/www.adufpb.org.br\/site\/wp-json\/wp\/v2\/posts"}],"about":[{"href":"https:\/\/www.adufpb.org.br\/site\/wp-json\/wp\/v2\/types\/post"}],"author":[{"embeddable":true,"href":"https:\/\/www.adufpb.org.br\/site\/wp-json\/wp\/v2\/users\/3"}],"replies":[{"embeddable":true,"href":"https:\/\/www.adufpb.org.br\/site\/wp-json\/wp\/v2\/comments?post=4171"}],"version-history":[{"count":5,"href":"https:\/\/www.adufpb.org.br\/site\/wp-json\/wp\/v2\/posts\/4171\/revisions"}],"predecessor-version":[{"id":4177,"href":"https:\/\/www.adufpb.org.br\/site\/wp-json\/wp\/v2\/posts\/4171\/revisions\/4177"}],"wp:attachment":[{"href":"https:\/\/www.adufpb.org.br\/site\/wp-json\/wp\/v2\/media?parent=4171"}],"wp:term":[{"taxonomy":"category","embeddable":true,"href":"https:\/\/www.adufpb.org.br\/site\/wp-json\/wp\/v2\/categories?post=4171"},{"taxonomy":"post_tag","embeddable":true,"href":"https:\/\/www.adufpb.org.br\/site\/wp-json\/wp\/v2\/tags?post=4171"}],"curies":[{"name":"wp","href":"https:\/\/api.w.org\/{rel}","templated":true}]}}