{"id":4164,"date":"2012-10-06T00:12:55","date_gmt":"2012-10-06T04:12:55","guid":{"rendered":"http:\/\/www.adufpb.org.br\/site\/?p=4164"},"modified":"2012-10-06T00:12:55","modified_gmt":"2012-10-06T04:12:55","slug":"adufpb-realiza-atividades-no-dia-do-professor","status":"publish","type":"post","link":"https:\/\/www.adufpb.org.br\/site\/adufpb-realiza-atividades-no-dia-do-professor\/","title":{"rendered":"ADUFPB realiza atividades no Dia do Professor"},"content":{"rendered":"<p>A ADUFPB preparou uma programa\u00e7\u00e3o especial para comemorar o Dia do Professor. Na data &#8211; 15 de outubro (segunda-feira) -, ser\u00e1 realizado pela manh\u00e3 um caf\u00e9 da manh\u00e3 na sede do sindicato, no Centro de Viv\u00eancia do Campus I.<\/p>\n<p>Em seguida, haver\u00e1 uma mesa-redonda para tratar da Lei de Greve e do Projeto de Lei 4368\/12 (resultado do acordo firmado entre o governo e o Proifes durante a greve deste ano e que traz mudan\u00e7as na carreira docente). De acordo com o presidente da ADUFPB, Ricardo Lucena, o nome dos palestrantes e o local do evento est\u00e3o sendo definidos e devem ser divulgados na pr\u00f3xima semana.<\/p>\n<p>Tamb\u00e9m haver\u00e1 atividades \u00e0 noite. A partir das 19h, a ADUFPB realizar\u00e1 a inaugura\u00e7\u00e3o oficial da reforma do Terra\u00e7o Silvio Frank Alem, na sede do sindicato. A comemora\u00e7\u00e3o ter\u00e1 apresenta\u00e7\u00e3o musical com voz e viol\u00e3o e coquetel para os presentes.<\/p>\n<p><em>Fonte: Ascom ADUFPB<\/em><\/p>\n","protected":false},"excerpt":{"rendered":"<p>A ADUFPB preparou uma programa\u00e7\u00e3o especial para comemorar o Dia do Professor. Na data &#8211; 15 de outubro (segunda-feira) -, ser\u00e1 realizado pela manh\u00e3 um caf\u00e9 da manh\u00e3 na sede do sindicato, no Centro de Viv\u00eancia do Campus I. Em seguida, haver\u00e1 uma mesa-redonda para tratar da Lei de Greve e do Projeto de Lei&hellip;<\/p>\n","protected":false},"author":3,"featured_media":0,"comment_status":"open","ping_status":"open","sticky":false,"template":"","format":"standard","meta":{"footnotes":""},"categories":[15],"tags":[66],"class_list":["post-4164","post","type-post","status-publish","format-standard","hentry","category-noticias","tag-dia-do-professor","category-15","description-off"],"_links":{"self":[{"href":"https:\/\/www.adufpb.org.br\/site\/wp-json\/wp\/v2\/posts\/4164","targetHints":{"allow":["GET"]}}],"collection":[{"href":"https:\/\/www.adufpb.org.br\/site\/wp-json\/wp\/v2\/posts"}],"about":[{"href":"https:\/\/www.adufpb.org.br\/site\/wp-json\/wp\/v2\/types\/post"}],"author":[{"embeddable":true,"href":"https:\/\/www.adufpb.org.br\/site\/wp-json\/wp\/v2\/users\/3"}],"replies":[{"embeddable":true,"href":"https:\/\/www.adufpb.org.br\/site\/wp-json\/wp\/v2\/comments?post=4164"}],"version-history":[{"count":1,"href":"https:\/\/www.adufpb.org.br\/site\/wp-json\/wp\/v2\/posts\/4164\/revisions"}],"predecessor-version":[{"id":4165,"href":"https:\/\/www.adufpb.org.br\/site\/wp-json\/wp\/v2\/posts\/4164\/revisions\/4165"}],"wp:attachment":[{"href":"https:\/\/www.adufpb.org.br\/site\/wp-json\/wp\/v2\/media?parent=4164"}],"wp:term":[{"taxonomy":"category","embeddable":true,"href":"https:\/\/www.adufpb.org.br\/site\/wp-json\/wp\/v2\/categories?post=4164"},{"taxonomy":"post_tag","embeddable":true,"href":"https:\/\/www.adufpb.org.br\/site\/wp-json\/wp\/v2\/tags?post=4164"}],"curies":[{"name":"wp","href":"https:\/\/api.w.org\/{rel}","templated":true}]}}