{"id":4162,"date":"2012-10-06T00:06:16","date_gmt":"2012-10-06T04:06:16","guid":{"rendered":"http:\/\/www.adufpb.org.br\/site\/?p=4162"},"modified":"2012-10-06T00:06:16","modified_gmt":"2012-10-06T04:06:16","slug":"piscina-doces-e-brincadeiras-no-dia-das-criancas-da-adufpb","status":"publish","type":"post","link":"https:\/\/www.adufpb.org.br\/site\/piscina-doces-e-brincadeiras-no-dia-das-criancas-da-adufpb\/","title":{"rendered":"Piscina, doces e brincadeiras no Dia das Crian\u00e7as da ADUFPB"},"content":{"rendered":"<p>A pr\u00f3xima sexta-feira (12\/10) vai ser de muita festa na sede sociocultural da ADUFPB. Tudo para divertir os homenageados do dia: as crian\u00e7as. As atividades come\u00e7am \u00e0s 9h e seguem ao longo do dia. Haver\u00e1 apresenta\u00e7\u00e3o do Coral das Crian\u00e7as, distribui\u00e7\u00e3o de lanches e muitas brincadeiras. Os pequenos tamb\u00e9m v\u00e3o poder aproveitar a piscina da sede.<\/p>\n<p><em>Fonte: Ascom ADUFPB<\/em><\/p>\n","protected":false},"excerpt":{"rendered":"<p>A pr\u00f3xima sexta-feira (12\/10) vai ser de muita festa na sede sociocultural da ADUFPB. Tudo para divertir os homenageados do dia: as crian\u00e7as. As atividades come\u00e7am \u00e0s 9h e seguem ao longo do dia. Haver\u00e1 apresenta\u00e7\u00e3o do Coral das Crian\u00e7as, distribui\u00e7\u00e3o de lanches e muitas brincadeiras. Os pequenos tamb\u00e9m v\u00e3o poder aproveitar a piscina da&hellip;<\/p>\n","protected":false},"author":3,"featured_media":0,"comment_status":"open","ping_status":"open","sticky":false,"template":"","format":"standard","meta":{"footnotes":""},"categories":[15],"tags":[68,57],"class_list":["post-4162","post","type-post","status-publish","format-standard","hentry","category-noticias","tag-dia-das-criancas","tag-eventos","category-15","description-off"],"_links":{"self":[{"href":"https:\/\/www.adufpb.org.br\/site\/wp-json\/wp\/v2\/posts\/4162","targetHints":{"allow":["GET"]}}],"collection":[{"href":"https:\/\/www.adufpb.org.br\/site\/wp-json\/wp\/v2\/posts"}],"about":[{"href":"https:\/\/www.adufpb.org.br\/site\/wp-json\/wp\/v2\/types\/post"}],"author":[{"embeddable":true,"href":"https:\/\/www.adufpb.org.br\/site\/wp-json\/wp\/v2\/users\/3"}],"replies":[{"embeddable":true,"href":"https:\/\/www.adufpb.org.br\/site\/wp-json\/wp\/v2\/comments?post=4162"}],"version-history":[{"count":1,"href":"https:\/\/www.adufpb.org.br\/site\/wp-json\/wp\/v2\/posts\/4162\/revisions"}],"predecessor-version":[{"id":4163,"href":"https:\/\/www.adufpb.org.br\/site\/wp-json\/wp\/v2\/posts\/4162\/revisions\/4163"}],"wp:attachment":[{"href":"https:\/\/www.adufpb.org.br\/site\/wp-json\/wp\/v2\/media?parent=4162"}],"wp:term":[{"taxonomy":"category","embeddable":true,"href":"https:\/\/www.adufpb.org.br\/site\/wp-json\/wp\/v2\/categories?post=4162"},{"taxonomy":"post_tag","embeddable":true,"href":"https:\/\/www.adufpb.org.br\/site\/wp-json\/wp\/v2\/tags?post=4162"}],"curies":[{"name":"wp","href":"https:\/\/api.w.org\/{rel}","templated":true}]}}