{"id":4160,"date":"2012-10-03T06:00:42","date_gmt":"2012-10-03T10:00:42","guid":{"rendered":"http:\/\/www.adufpb.org.br\/site\/?p=4160"},"modified":"2012-10-03T06:00:42","modified_gmt":"2012-10-03T10:00:42","slug":"adiamento-da-assembleia-geral","status":"publish","type":"post","link":"https:\/\/www.adufpb.org.br\/site\/adiamento-da-assembleia-geral\/","title":{"rendered":"Adiamento da assembleia geral"},"content":{"rendered":"<p>Informamos que a Assembl\u00e9ia da ADUFPB est\u00e1 marcada para o dia 18\/10, \u00e0s 9h00. A Assembl\u00e9ia anteriormente marcada para o dia 03\/10\/12, foi transferida para o dia 18\/10\/12 acompanhando a orienta\u00e7\u00e3o do ANDES que indica rodada de assembl\u00e9ias entre 15 e 26\/10\/12 e tamb\u00e9m para possibilitar a participa\u00e7\u00e3o dos docentes no Ato P\u00fablico Nacional contra a EBSERH marcado para este dia 03\/10\/12.<\/p>\n<p>Amanh\u00e3, 03\/10\/12, \u00e0s 9h00 convidamos todos os professores para participarem do ATO PUBLICO CONTRA AS PRIVATIZA\u00c7\u00d5ES DOS HOSPITAIS UNIVERSIT\u00c1RIOS E A EBSERH. Concentra\u00e7\u00e3o no HU\/UFPB.<\/p>\n<p>&nbsp;<\/p>\n<p>&nbsp;<\/p>\n<p><em>Diretoria Executiva<\/em><\/p>\n<p><em>ADUFPB<\/em><\/p>\n","protected":false},"excerpt":{"rendered":"<p>Informamos que a Assembl\u00e9ia da ADUFPB est\u00e1 marcada para o dia 18\/10, \u00e0s 9h00. A Assembl\u00e9ia anteriormente marcada para o dia 03\/10\/12, foi transferida para o dia 18\/10\/12 acompanhando a orienta\u00e7\u00e3o do ANDES que indica rodada de assembl\u00e9ias entre 15 e 26\/10\/12 e tamb\u00e9m para possibilitar a participa\u00e7\u00e3o dos docentes no Ato P\u00fablico Nacional contra&hellip;<\/p>\n","protected":false},"author":3,"featured_media":0,"comment_status":"open","ping_status":"open","sticky":false,"template":"","format":"standard","meta":{"footnotes":""},"categories":[15],"tags":[95],"class_list":["post-4160","post","type-post","status-publish","format-standard","hentry","category-noticias","tag-assembleias","category-15","description-off"],"_links":{"self":[{"href":"https:\/\/www.adufpb.org.br\/site\/wp-json\/wp\/v2\/posts\/4160","targetHints":{"allow":["GET"]}}],"collection":[{"href":"https:\/\/www.adufpb.org.br\/site\/wp-json\/wp\/v2\/posts"}],"about":[{"href":"https:\/\/www.adufpb.org.br\/site\/wp-json\/wp\/v2\/types\/post"}],"author":[{"embeddable":true,"href":"https:\/\/www.adufpb.org.br\/site\/wp-json\/wp\/v2\/users\/3"}],"replies":[{"embeddable":true,"href":"https:\/\/www.adufpb.org.br\/site\/wp-json\/wp\/v2\/comments?post=4160"}],"version-history":[{"count":1,"href":"https:\/\/www.adufpb.org.br\/site\/wp-json\/wp\/v2\/posts\/4160\/revisions"}],"predecessor-version":[{"id":4161,"href":"https:\/\/www.adufpb.org.br\/site\/wp-json\/wp\/v2\/posts\/4160\/revisions\/4161"}],"wp:attachment":[{"href":"https:\/\/www.adufpb.org.br\/site\/wp-json\/wp\/v2\/media?parent=4160"}],"wp:term":[{"taxonomy":"category","embeddable":true,"href":"https:\/\/www.adufpb.org.br\/site\/wp-json\/wp\/v2\/categories?post=4160"},{"taxonomy":"post_tag","embeddable":true,"href":"https:\/\/www.adufpb.org.br\/site\/wp-json\/wp\/v2\/tags?post=4160"}],"curies":[{"name":"wp","href":"https:\/\/api.w.org\/{rel}","templated":true}]}}