{"id":4130,"date":"2012-09-19T13:31:28","date_gmt":"2012-09-19T17:31:28","guid":{"rendered":"http:\/\/www.adufpb.org.br\/site\/?p=4130"},"modified":"2012-09-19T19:53:54","modified_gmt":"2012-09-19T23:53:54","slug":"adufpb-convoca-reuniao-para-tratar-das-acoes-dos-28-e-dos-317","status":"publish","type":"post","link":"https:\/\/www.adufpb.org.br\/site\/adufpb-convoca-reuniao-para-tratar-das-acoes-dos-28-e-dos-317\/","title":{"rendered":"ADUFPB convoca reuni\u00e3o para tratar das a\u00e7\u00f5es dos 28% e dos 3,17%"},"content":{"rendered":"<p><a href=\"http:\/\/www.adufpb.org.br\/site\/wp-content\/uploads\/2012\/09\/CARTAZ-REUNI\u00c3O-AMPLIADA-IMPRESS\u00c3O.jpg\"><img loading=\"lazy\" decoding=\"async\" class=\"alignleft size-medium wp-image-4131\" title=\"CARTAZ REUNI\u00c3O AMPLIADA IMPRESS\u00c3O\" src=\"http:\/\/www.adufpb.org.br\/site\/wp-content\/uploads\/2012\/09\/CARTAZ-REUNI\u00c3O-AMPLIADA-IMPRESS\u00c3O-207x300.jpg\" alt=\"\" width=\"207\" height=\"300\" srcset=\"https:\/\/www.adufpb.org.br\/site\/wp-content\/uploads\/2012\/09\/CARTAZ-REUNI\u00c3O-AMPLIADA-IMPRESS\u00c3O-207x300.jpg 207w, https:\/\/www.adufpb.org.br\/site\/wp-content\/uploads\/2012\/09\/CARTAZ-REUNI\u00c3O-AMPLIADA-IMPRESS\u00c3O-709x1024.jpg 709w, https:\/\/www.adufpb.org.br\/site\/wp-content\/uploads\/2012\/09\/CARTAZ-REUNI\u00c3O-AMPLIADA-IMPRESS\u00c3O.jpg 1651w\" sizes=\"auto, (max-width: 207px) 100vw, 207px\" \/><\/a>A ADUFPB vai realizar uma reuni\u00e3o ampliada (aberta \u00e0 participa\u00e7\u00e3o de todos os interessados) na pr\u00f3xima quinta-feira (20\/9) para esclarecer e tirar d\u00favidas dos s\u00f3cios a respeito das a\u00e7\u00f5es judiciais movidas pelo sindicato que tratam da reposi\u00e7\u00e3o dos 28% e dos 3,17%. A atividade ser\u00e1 no audit\u00f3rio 411 do CCHLA, a partir das 10h. Estar\u00e3o presentes o presidente da ADUFPB, Ricardo Lucena, o assessor jur\u00eddico do sindicato, Paulo Guedes, e a professora\u00a0H\u00e9lida Cristina Val\u00e9rio, tesoureira da ADUFPB.<\/p>\n<p dir=\"ltr\">Segundo Ricardo Lucena, a respeito dos 28%, ser\u00e1 explicada a quest\u00e3o do c\u00e1lculo que est\u00e1 sendo feito do valor a receber, como se encontra a situa\u00e7\u00e3o do processo e o calend\u00e1rio relativo ao pagamento. Sobre os 3,17%, a assessoria jur\u00eddica vai explicar por que foi retirado o que os s\u00f3cios vinham recebendo e quais as possibilidades de execu\u00e7\u00e3o do processo.<\/p>\n<p dir=\"ltr\"><em>Fonte: Ascom ADUFPB<\/em><\/p>\n","protected":false},"excerpt":{"rendered":"<p>A ADUFPB vai realizar uma reuni\u00e3o ampliada (aberta \u00e0 participa\u00e7\u00e3o de todos os interessados) na pr\u00f3xima quinta-feira (20\/9) para esclarecer e tirar d\u00favidas dos s\u00f3cios a respeito das a\u00e7\u00f5es judiciais movidas pelo sindicato que tratam da reposi\u00e7\u00e3o dos 28% e dos 3,17%. A atividade ser\u00e1 no audit\u00f3rio 411 do CCHLA, a partir das 10h. Estar\u00e3o&hellip;<\/p>\n","protected":false},"author":3,"featured_media":0,"comment_status":"open","ping_status":"open","sticky":false,"template":"","format":"standard","meta":{"footnotes":""},"categories":[15],"tags":[245,144,242],"class_list":["post-4130","post","type-post","status-publish","format-standard","hentry","category-noticias","tag-245","tag-3-17","tag-juridico-2","category-15","description-off"],"_links":{"self":[{"href":"https:\/\/www.adufpb.org.br\/site\/wp-json\/wp\/v2\/posts\/4130","targetHints":{"allow":["GET"]}}],"collection":[{"href":"https:\/\/www.adufpb.org.br\/site\/wp-json\/wp\/v2\/posts"}],"about":[{"href":"https:\/\/www.adufpb.org.br\/site\/wp-json\/wp\/v2\/types\/post"}],"author":[{"embeddable":true,"href":"https:\/\/www.adufpb.org.br\/site\/wp-json\/wp\/v2\/users\/3"}],"replies":[{"embeddable":true,"href":"https:\/\/www.adufpb.org.br\/site\/wp-json\/wp\/v2\/comments?post=4130"}],"version-history":[{"count":2,"href":"https:\/\/www.adufpb.org.br\/site\/wp-json\/wp\/v2\/posts\/4130\/revisions"}],"predecessor-version":[{"id":4133,"href":"https:\/\/www.adufpb.org.br\/site\/wp-json\/wp\/v2\/posts\/4130\/revisions\/4133"}],"wp:attachment":[{"href":"https:\/\/www.adufpb.org.br\/site\/wp-json\/wp\/v2\/media?parent=4130"}],"wp:term":[{"taxonomy":"category","embeddable":true,"href":"https:\/\/www.adufpb.org.br\/site\/wp-json\/wp\/v2\/categories?post=4130"},{"taxonomy":"post_tag","embeddable":true,"href":"https:\/\/www.adufpb.org.br\/site\/wp-json\/wp\/v2\/tags?post=4130"}],"curies":[{"name":"wp","href":"https:\/\/api.w.org\/{rel}","templated":true}]}}