{"id":4045,"date":"2012-09-03T19:17:09","date_gmt":"2012-09-03T23:17:09","guid":{"rendered":"http:\/\/www.adufpb.org.br\/site\/?p=4045"},"modified":"2012-09-03T19:17:09","modified_gmt":"2012-09-03T23:17:09","slug":"revista-conceitos-professores-podem-continuar-enviando-artigos","status":"publish","type":"post","link":"https:\/\/www.adufpb.org.br\/site\/revista-conceitos-professores-podem-continuar-enviando-artigos\/","title":{"rendered":"Revista Conceitos: professores podem continuar enviando artigos"},"content":{"rendered":"<p>Os professores podem continuar enviando artigos para publica\u00e7\u00e3o na Revista Conceitos.\u00a0As inscri\u00e7\u00f5es n\u00e3o t\u00eam data de encerramento. Para a pr\u00f3xima edi\u00e7\u00e3o, de n\u00famero 17, a Comiss\u00e3o Editorial avaliar\u00e1 os 20 primeiros artigos encaminhados. Os que chegarem depois disso, ser\u00e3o inclu\u00eddos na edi\u00e7\u00e3o seguinte.\u00a0\u201cMudamos o formato de inscri\u00e7\u00e3o para a revista Conceitos. Nossa inten\u00e7\u00e3o \u00e9 lan\u00e7ar duas edi\u00e7\u00f5es em pouco tempo&#8221;, explica o presidente da ADUFPB, Ricardo Lucena.<\/p>\n<p>A Conceitos \u00e9 uma publica\u00e7\u00e3o da ADUFPB que tem como objetivo divulgar a produ\u00e7\u00e3o acad\u00eamica dos professores associados. A pr\u00f3xima edi\u00e7\u00e3o, de n\u00famero 17, ser\u00e1 lan\u00e7ada durante o projeto Sede de Leitura, previsto para acontecer at\u00e9 o fim do ano. A publica\u00e7\u00e3o conta com a parceria da cooperativa de cr\u00e9dito Creduni.<\/p>\n<p><strong>REVISTA Conceitos n\u00ba 17<\/strong><\/p>\n<p><a href=\"http:\/\/www.adufpb.org.br\/site\/wp-content\/uploads\/2012\/08\/Normas_para_Publicacao_REVISTA_CONCEITOS_17.doc\" target=\"_blank\">Clique aqui para fazer o download das normas para publica\u00e7\u00e3o na revista Conceitos<\/a><\/p>\n<p><a href=\"http:\/\/www.adufpb.org.br\/site\/wp-content\/uploads\/2012\/08\/FICHA-DE-INSCRI%C3%87%C3%83O-CONCEITOS-17.doc\" target=\"_blank\">Clique para fazer o download da ficha de inscri\u00e7\u00e3o<\/a><\/p>\n<p>Por isso \u00e9 importante que os professores procurem se inscrever o quanto antes para garantir sua participa\u00e7\u00e3o nessa primeira edi\u00e7\u00e3o de 2012. E, dependendo da produ\u00e7\u00e3o do docente, ele poder\u00e1 participar da edi\u00e7\u00e3o subsequente com outro artigo. \u201cVamos procurar contemplar o m\u00e1ximo de docentes e da produ\u00e7\u00e3o dos nossos colegas da UFPB e publicar duas edi\u00e7\u00f5es j\u00e1 em 2012\u201d, destacou Ricardo Lucena, que tamb\u00e9m \u00e9 membro do Conselho Editorial da Revista Conceitos.<\/p>\n<p><strong>Como se inscrever<\/strong><\/p>\n<p>Para se inscrever, o professor deve enviar o artigo digitado em MS-WORD para o e-mail revistaconceitos.adufpb@gmail.com e seguir rigorosamente o que prev\u00ea as normas para publica\u00e7\u00e3o na revista. Ser\u00e1 enviada uma resposta autom\u00e1tica de confirma\u00e7\u00e3o do recebimento do artigo.<\/p>\n<p>N\u00e3o ser\u00e1 mais necess\u00e1ria a apresenta\u00e7\u00e3o de c\u00f3pias impressas do artigo na ADUFPB, ou entrega de material em m\u00eddia eletr\u00f4nica (CD\/DVD). A Comiss\u00e3o Editorial estar\u00e1 avaliando todos os artigos assim que receb\u00ea-los por e-mail e, em caso de problema, o autor ser\u00e1 comunicado antecipadamente para ajustar o artigo \u00e0s normas previstas no regulamento.<\/p>\n<p>&nbsp;<\/p>\n<p><em>Fonte: Ascom ADUFPB<\/em><\/p>\n","protected":false},"excerpt":{"rendered":"<p>Os professores podem continuar enviando artigos para publica\u00e7\u00e3o na Revista Conceitos.\u00a0As inscri\u00e7\u00f5es n\u00e3o t\u00eam data de encerramento. Para a pr\u00f3xima edi\u00e7\u00e3o, de n\u00famero 17, a Comiss\u00e3o Editorial avaliar\u00e1 os 20 primeiros artigos encaminhados. Os que chegarem depois disso, ser\u00e3o inclu\u00eddos na edi\u00e7\u00e3o seguinte.\u00a0\u201cMudamos o formato de inscri\u00e7\u00e3o para a revista Conceitos. Nossa inten\u00e7\u00e3o \u00e9 lan\u00e7ar&hellip;<\/p>\n","protected":false},"author":3,"featured_media":0,"comment_status":"open","ping_status":"open","sticky":false,"template":"","format":"standard","meta":{"footnotes":""},"categories":[15],"tags":[815,62,35],"class_list":["post-4045","post","type-post","status-publish","format-standard","hentry","category-noticias","tag-conceitos","tag-revista-conceitos","tag-sede-de-leitura","category-15","description-off"],"_links":{"self":[{"href":"https:\/\/www.adufpb.org.br\/site\/wp-json\/wp\/v2\/posts\/4045","targetHints":{"allow":["GET"]}}],"collection":[{"href":"https:\/\/www.adufpb.org.br\/site\/wp-json\/wp\/v2\/posts"}],"about":[{"href":"https:\/\/www.adufpb.org.br\/site\/wp-json\/wp\/v2\/types\/post"}],"author":[{"embeddable":true,"href":"https:\/\/www.adufpb.org.br\/site\/wp-json\/wp\/v2\/users\/3"}],"replies":[{"embeddable":true,"href":"https:\/\/www.adufpb.org.br\/site\/wp-json\/wp\/v2\/comments?post=4045"}],"version-history":[{"count":1,"href":"https:\/\/www.adufpb.org.br\/site\/wp-json\/wp\/v2\/posts\/4045\/revisions"}],"predecessor-version":[{"id":4046,"href":"https:\/\/www.adufpb.org.br\/site\/wp-json\/wp\/v2\/posts\/4045\/revisions\/4046"}],"wp:attachment":[{"href":"https:\/\/www.adufpb.org.br\/site\/wp-json\/wp\/v2\/media?parent=4045"}],"wp:term":[{"taxonomy":"category","embeddable":true,"href":"https:\/\/www.adufpb.org.br\/site\/wp-json\/wp\/v2\/categories?post=4045"},{"taxonomy":"post_tag","embeddable":true,"href":"https:\/\/www.adufpb.org.br\/site\/wp-json\/wp\/v2\/tags?post=4045"}],"curies":[{"name":"wp","href":"https:\/\/api.w.org\/{rel}","templated":true}]}}