{"id":4020,"date":"2012-08-30T13:58:10","date_gmt":"2012-08-30T17:58:10","guid":{"rendered":"http:\/\/www.adufpb.org.br\/site\/?p=4020"},"modified":"2012-08-30T14:03:24","modified_gmt":"2012-08-30T18:03:24","slug":"professores-da-ufpb-continuam-em-greve","status":"publish","type":"post","link":"https:\/\/www.adufpb.org.br\/site\/professores-da-ufpb-continuam-em-greve\/","title":{"rendered":"Professores da UFPB continuam em greve"},"content":{"rendered":"<p><a href=\"http:\/\/www.adufpb.org.br\/site\/wp-content\/uploads\/2012\/08\/PROFESSORES-VOTAM-PELA-CONTINUIDADE-DA-GREVE.jpg\"><img loading=\"lazy\" decoding=\"async\" class=\"alignleft size-medium wp-image-4022\" title=\"PROFESSORES VOTAM PELA CONTINUIDADE DA GREVE\" src=\"http:\/\/www.adufpb.org.br\/site\/wp-content\/uploads\/2012\/08\/PROFESSORES-VOTAM-PELA-CONTINUIDADE-DA-GREVE-300x175.jpg\" alt=\"\" width=\"300\" height=\"175\" srcset=\"https:\/\/www.adufpb.org.br\/site\/wp-content\/uploads\/2012\/08\/PROFESSORES-VOTAM-PELA-CONTINUIDADE-DA-GREVE-300x175.jpg 300w, https:\/\/www.adufpb.org.br\/site\/wp-content\/uploads\/2012\/08\/PROFESSORES-VOTAM-PELA-CONTINUIDADE-DA-GREVE-1024x599.jpg 1024w\" sizes=\"auto, (max-width: 300px) 100vw, 300px\" \/><\/a>Os professores da UFPB v\u00e3o continuar em greve. A decis\u00e3o foi tomada nesta quarta-feira (29\/8), em assembleia geral no Centro de Viv\u00eancia do Campus I, em Jo\u00e3o Pessoa. Com 185 votos a favor e 90 contr\u00e1rios, os docentes aprovaram a continuidade do movimento, que completou 105 dias e atinge todos os cinco campi da institui\u00e7\u00e3o. Uma nova assembleia foi marcada para a pr\u00f3xima quarta-feira, dia 5\/9.<\/p>\n<p><a href=\"http:\/\/www.adufpb.org.br\/site\/wp-content\/uploads\/2012\/08\/MESA-DIRETORA-DA-ASSEMBLEIA-GERAL-DA-ADUFPB.jpg\"><img loading=\"lazy\" decoding=\"async\" class=\"alignright size-medium wp-image-4021\" title=\"MESA DIRETORA DA ASSEMBLEIA GERAL DA ADUFPB\" src=\"http:\/\/www.adufpb.org.br\/site\/wp-content\/uploads\/2012\/08\/MESA-DIRETORA-DA-ASSEMBLEIA-GERAL-DA-ADUFPB-300x225.jpg\" alt=\"\" width=\"300\" height=\"225\" srcset=\"https:\/\/www.adufpb.org.br\/site\/wp-content\/uploads\/2012\/08\/MESA-DIRETORA-DA-ASSEMBLEIA-GERAL-DA-ADUFPB-300x225.jpg 300w, https:\/\/www.adufpb.org.br\/site\/wp-content\/uploads\/2012\/08\/MESA-DIRETORA-DA-ASSEMBLEIA-GERAL-DA-ADUFPB-1024x768.jpg 1024w\" sizes=\"auto, (max-width: 300px) 100vw, 300px\" \/><\/a>Os primeiros informes foram dados pelo professor Daniel Antiquera, que representou a UFPB semana passada no Comando Nacional de Greve, em Bras\u00edlia. De acordo com ele, na \u00faltima quinta-feira (23\/8), o Andes \u2013 Sindicato Nacional protocolou nos minist\u00e9rios da Educa\u00e7\u00e3o e do Planejamento o texto da contraproposta elaborada pelos professores.<\/p>\n<p><a href=\"http:\/\/www.adufpb.org.br\/site\/wp-content\/uploads\/2012\/08\/ADUJFPB_DOCENTES-EM-GREVE-04.jpg\"><img loading=\"lazy\" decoding=\"async\" class=\"alignright size-medium wp-image-4024\" title=\"ADUJFPB_DOCENTES EM GREVE 04\" src=\"http:\/\/www.adufpb.org.br\/site\/wp-content\/uploads\/2012\/08\/ADUJFPB_DOCENTES-EM-GREVE-04-300x225.jpg\" alt=\"\" width=\"300\" height=\"225\" srcset=\"https:\/\/www.adufpb.org.br\/site\/wp-content\/uploads\/2012\/08\/ADUJFPB_DOCENTES-EM-GREVE-04-300x225.jpg 300w, https:\/\/www.adufpb.org.br\/site\/wp-content\/uploads\/2012\/08\/ADUJFPB_DOCENTES-EM-GREVE-04-1024x768.jpg 1024w\" sizes=\"auto, (max-width: 300px) 100vw, 300px\" \/><\/a>Na sexta-feira (24\/8), o mesmo foi feito no Pal\u00e1cio do Planalto, com o objetivo de for\u00e7ar a participa\u00e7\u00e3o direta da presidente Dilma no processo de retomada das negocia\u00e7\u00f5es. Entretanto, ao chegarem, os sindicalistas foram recebidos no estacionamento do Pal\u00e1cio. Os servidores que os receberam n\u00e3o queriam deix\u00e1-los entrar para ter acesso ao setor de protocolo e nem receber o documento, informou o professor Daniel. \u201cIsso foi motivo de muita revolta entre os professores\u201d, declarou.<\/p>\n<p><strong>Protesto de alunos<\/strong><\/p>\n<p>A reuni\u00e3o desta semana foi uma das maiores j\u00e1 realizada desde a deflagra\u00e7\u00e3o do movimento, no dia 17 de maio. A presen\u00e7a dos estudantes tamb\u00e9m foi marcante. Com cartazes e palavras de ordem, eles expressaram apoio aos professores.<\/p>\n<p>Ap\u00f3s a assembleia os alunos seguiram em marcha at\u00e9 Reitoria e ocuparam o hall principal. A inten\u00e7\u00e3o era protestar contra a intransig\u00eancia do governo federal, que se recusa a negociar com os professores. Os estudantes avisaram que v\u00e3o permanecer no local por tempo indeterminado em apoio aos professores.<\/p>\n<p><strong>Audi\u00eancia na assembleia<\/strong><\/p>\n<p>\u00c0 tarde, representantes do Comando Local de Greve dos professores participaram de audi\u00eancia com os parlamentares da Comiss\u00e3o de Educa\u00e7\u00e3o da Assembleia Legislativa da Para\u00edba. A reuni\u00e3o foi realizada no audit\u00f3rio do plen\u00e1rio Deputado Jos\u00e9 Mariz.<\/p>\n<div id=\"attachment_4025\" style=\"width: 310px\" class=\"wp-caption alignright\"><a href=\"http:\/\/www.adufpb.org.br\/site\/wp-content\/uploads\/2012\/08\/foto-1.jpg\"><img loading=\"lazy\" decoding=\"async\" aria-describedby=\"caption-attachment-4025\" class=\"size-medium wp-image-4025 \" title=\"foto (1)\" src=\"http:\/\/www.adufpb.org.br\/site\/wp-content\/uploads\/2012\/08\/foto-1-300x224.jpg\" alt=\"\" width=\"300\" height=\"224\" srcset=\"https:\/\/www.adufpb.org.br\/site\/wp-content\/uploads\/2012\/08\/foto-1-300x224.jpg 300w, https:\/\/www.adufpb.org.br\/site\/wp-content\/uploads\/2012\/08\/foto-1-1024x764.jpg 1024w, https:\/\/www.adufpb.org.br\/site\/wp-content\/uploads\/2012\/08\/foto-1.jpg 1296w\" sizes=\"auto, (max-width: 300px) 100vw, 300px\" \/><\/a><p id=\"caption-attachment-4025\" class=\"wp-caption-text\">Representantes do CLG participaram \u00e0 tarde de audi\u00eancia na Assembleia<\/p><\/div>\n<p>Os professores Alexandre Nader e Marcos Montenegro foram convidados a falar na tribuna. Na abertura, o deputado Janduhy Carneiro (PEN) fez o pronunciamento sobre os motivos da convoca\u00e7\u00e3o e import\u00e2ncia da audi\u00eancia p\u00fablica. J\u00e1 o deputado Vituriano de Abreu (PSC) falou sobre o papel do professor no processo de educa\u00e7\u00e3o e no desenvolvimento do pa\u00eds. Para finalizar a audi\u00eancia foi convidada a deputada Olenka Maranh\u00e3o (PMDB).<\/p>\n<p>Calend\u00e1rio de atividades aprovado na assembleia:<\/p>\n<p><strong>4\u00aa feira, 29\/08<\/strong><\/p>\n<p>15h00 &#8211; Audi\u00eancia P\u00fablica na Assembleia Legislativa\/PB<\/p>\n<p><strong>5\u00aa feira, 30\/08<\/strong><\/p>\n<p>Assembleias em Bananeiras e Areia<\/p>\n<p>13h00 &#8211; Reuni\u00e3o do CLG com comiss\u00e3o da Ensino a Dist\u00e2ncia<\/p>\n<p><strong>6\u00aa feira, 31\/08<\/strong><\/p>\n<p>14h00 &#8211; Reuni\u00e3o do CLG\/ADUFPB<\/p>\n<p><strong>2\u00aa feira, 03\/09<\/strong><\/p>\n<p>14h00 &#8211; Reuni\u00e3o do CLG\/ADUFPB<\/p>\n<p><strong>3\u00aa feira, 04\/09<\/strong><\/p>\n<p>14h00 &#8211; Reuni\u00e3o do CLG\/ADUFPB<\/p>\n<p><strong>4\u00aa feira, 05\/09<\/strong><\/p>\n<p>9h00 \u2013 Assembleia geral dos professores<\/p>\n<p style=\"text-align: center;\"><a href=\"http:\/\/www.adufpb.org.br\/site\/wp-content\/uploads\/2012\/08\/PANOR\u00c2MICA-ASSEMBLEIA-GERAL-DA-ADUFPB-29_08_2012.jpg\"><img loading=\"lazy\" decoding=\"async\" class=\"aligncenter  wp-image-4023\" title=\"PANOR\u00c2MICA ASSEMBLEIA GERAL DA ADUFPB - 29_08_2012\" src=\"http:\/\/www.adufpb.org.br\/site\/wp-content\/uploads\/2012\/08\/PANOR\u00c2MICA-ASSEMBLEIA-GERAL-DA-ADUFPB-29_08_2012-1024x334.jpg\" alt=\"\" width=\"430\" height=\"140\" srcset=\"https:\/\/www.adufpb.org.br\/site\/wp-content\/uploads\/2012\/08\/PANOR\u00c2MICA-ASSEMBLEIA-GERAL-DA-ADUFPB-29_08_2012-1024x334.jpg 1024w, https:\/\/www.adufpb.org.br\/site\/wp-content\/uploads\/2012\/08\/PANOR\u00c2MICA-ASSEMBLEIA-GERAL-DA-ADUFPB-29_08_2012-300x98.jpg 300w\" sizes=\"auto, (max-width: 430px) 100vw, 430px\" \/><\/a><\/p>\n<p><em>Fonte: Ascom ADUFPB<\/em><\/p>\n","protected":false},"excerpt":{"rendered":"<p>Os professores da UFPB v\u00e3o continuar em greve. A decis\u00e3o foi tomada nesta quarta-feira (29\/8), em assembleia geral no Centro de Viv\u00eancia do Campus I, em Jo\u00e3o Pessoa. Com 185 votos a favor e 90 contr\u00e1rios, os docentes aprovaram a continuidade do movimento, que completou 105 dias e atinge todos os cinco campi da institui\u00e7\u00e3o.&hellip;<\/p>\n","protected":false},"author":3,"featured_media":0,"comment_status":"open","ping_status":"open","sticky":false,"template":"","format":"standard","meta":{"footnotes":""},"categories":[15],"tags":[132],"class_list":["post-4020","post","type-post","status-publish","format-standard","hentry","category-noticias","tag-greve","category-15","description-off"],"_links":{"self":[{"href":"https:\/\/www.adufpb.org.br\/site\/wp-json\/wp\/v2\/posts\/4020","targetHints":{"allow":["GET"]}}],"collection":[{"href":"https:\/\/www.adufpb.org.br\/site\/wp-json\/wp\/v2\/posts"}],"about":[{"href":"https:\/\/www.adufpb.org.br\/site\/wp-json\/wp\/v2\/types\/post"}],"author":[{"embeddable":true,"href":"https:\/\/www.adufpb.org.br\/site\/wp-json\/wp\/v2\/users\/3"}],"replies":[{"embeddable":true,"href":"https:\/\/www.adufpb.org.br\/site\/wp-json\/wp\/v2\/comments?post=4020"}],"version-history":[{"count":3,"href":"https:\/\/www.adufpb.org.br\/site\/wp-json\/wp\/v2\/posts\/4020\/revisions"}],"predecessor-version":[{"id":4028,"href":"https:\/\/www.adufpb.org.br\/site\/wp-json\/wp\/v2\/posts\/4020\/revisions\/4028"}],"wp:attachment":[{"href":"https:\/\/www.adufpb.org.br\/site\/wp-json\/wp\/v2\/media?parent=4020"}],"wp:term":[{"taxonomy":"category","embeddable":true,"href":"https:\/\/www.adufpb.org.br\/site\/wp-json\/wp\/v2\/categories?post=4020"},{"taxonomy":"post_tag","embeddable":true,"href":"https:\/\/www.adufpb.org.br\/site\/wp-json\/wp\/v2\/tags?post=4020"}],"curies":[{"name":"wp","href":"https:\/\/api.w.org\/{rel}","templated":true}]}}