{"id":3990,"date":"2012-08-24T03:20:54","date_gmt":"2012-08-24T07:20:54","guid":{"rendered":"http:\/\/www.adufpb.org.br\/site\/?p=3990"},"modified":"2012-08-24T03:37:47","modified_gmt":"2012-08-24T07:37:47","slug":"professores-mantem-greve-e-aprovam-contraproposta-do-andes","status":"publish","type":"post","link":"https:\/\/www.adufpb.org.br\/site\/professores-mantem-greve-e-aprovam-contraproposta-do-andes\/","title":{"rendered":"Professores mant\u00eam greve e aprovam contraproposta do Andes"},"content":{"rendered":"<p><a href=\"http:\/\/www.adufpb.org.br\/site\/wp-content\/uploads\/2012\/08\/assembleia-22.8.2012-7.jpg\"><img loading=\"lazy\" decoding=\"async\" class=\"alignleft size-medium wp-image-3991\" title=\"assembleia-22.8.2012 - 7\" src=\"http:\/\/www.adufpb.org.br\/site\/wp-content\/uploads\/2012\/08\/assembleia-22.8.2012-7-300x225.jpg\" alt=\"\" width=\"300\" height=\"225\" srcset=\"https:\/\/www.adufpb.org.br\/site\/wp-content\/uploads\/2012\/08\/assembleia-22.8.2012-7-300x225.jpg 300w, https:\/\/www.adufpb.org.br\/site\/wp-content\/uploads\/2012\/08\/assembleia-22.8.2012-7.jpg 1024w\" sizes=\"auto, (max-width: 300px) 100vw, 300px\" \/><\/a>Os professores da UFPB, em greve desde o dia 17 de maio, aprovaram na \u00faltima quarta-feira (23\/8) a continuidade da greve e a contraproposta elaborada pelo Andes \u2013 Sindicato Nacional para quando forem retomadas as negocia\u00e7\u00f5es com o governo. Dos docentes presentes \u00e0 assembleia geral realizada pela manh\u00e3 no audit\u00f3rio da reitoria, 157 votaram a favor da continuidade da greve, 15 foram contr\u00e1rios e tr\u00eas preferiram se abster. J\u00e1 a contraproposta do Andes foi aprovada por 152 votos a favor, nenhum voto contr\u00e1rio e duas absten\u00e7\u00f5es.<\/p>\n<p>No in\u00edcio da assembl\u00e9ia, o Comando Local de Greve informou que a contraproposta do Andes foi protocolada nesta quarta-feira nos minist\u00e9rio da Educa\u00e7\u00e3o e do Planejamento e no Planalto Federal. Depois, representantes do Comando Nacional seguiram para uma reuni\u00e3o com a Comiss\u00e3o de Educa\u00e7\u00e3o da C\u00e2mara. Um grupo ficar\u00e1 em vig\u00edlia no Planalto at\u00e9 esta sexta-feira (24\/8), quando a greve dos professores completa 100 dias.<\/p>\n<p><a href=\"http:\/\/www.adufpb.org.br\/site\/wp-content\/uploads\/2012\/08\/assembleia-22.8.2012.jpg\"><img loading=\"lazy\" decoding=\"async\" class=\"alignright size-medium wp-image-3994\" title=\"assembleia-22.8.2012\" src=\"http:\/\/www.adufpb.org.br\/site\/wp-content\/uploads\/2012\/08\/assembleia-22.8.2012-300x225.jpg\" alt=\"\" width=\"300\" height=\"225\" srcset=\"https:\/\/www.adufpb.org.br\/site\/wp-content\/uploads\/2012\/08\/assembleia-22.8.2012-300x225.jpg 300w, https:\/\/www.adufpb.org.br\/site\/wp-content\/uploads\/2012\/08\/assembleia-22.8.2012.jpg 1024w\" sizes=\"auto, (max-width: 300px) 100vw, 300px\" \/><\/a>Das 59 universidades federais do Pa\u00eds, 53 continuam sem aula. Na semana passada, foi divulgado que a UnB (Universidade de Bras\u00edlia), uma das maiores institui\u00e7\u00f5es de ensino de Brasil, havia aprovado o fim da greve.<\/p>\n<p>Entretanto, docentes denunciaram que a assembleia que votou o rein\u00edcio das aulas havia sido marcada apenas para discutir o processo sucess\u00f3rio na Universidade. Durante a reuni\u00e3o, entretanto, o sindicato local alterou a pauta e incluiu a vota\u00e7\u00e3o da greve. Revoltados, na \u00faltima segunda-feira os professores realizaram uma reuni\u00e3o com a presen\u00e7a de cerca de 300 pessoas para repudiar o ocorrido na assembleia da semana passada e fazer o chamamento para uma nova assembleia, a ser realizada na sexta-feira.<\/p>\n<p><a href=\"http:\/\/www.adufpb.org.br\/site\/wp-content\/uploads\/2012\/08\/assembleia-22.8.2012-4.jpg\"><img loading=\"lazy\" decoding=\"async\" class=\"alignleft size-medium wp-image-3993\" title=\"assembleia-22.8.2012 - 4\" src=\"http:\/\/www.adufpb.org.br\/site\/wp-content\/uploads\/2012\/08\/assembleia-22.8.2012-4-300x225.jpg\" alt=\"\" width=\"300\" height=\"225\" srcset=\"https:\/\/www.adufpb.org.br\/site\/wp-content\/uploads\/2012\/08\/assembleia-22.8.2012-4-300x225.jpg 300w, https:\/\/www.adufpb.org.br\/site\/wp-content\/uploads\/2012\/08\/assembleia-22.8.2012-4.jpg 1024w\" sizes=\"auto, (max-width: 300px) 100vw, 300px\" \/><\/a>O principal tema discutido pelos professores da UFPB nesta quarta-feira foi a contraproposta elaborada pelo Andes. O professor Marcelo Sitcovsky fez uma apresenta\u00e7\u00e3o dos pontos chaves do texto. S\u00e3o eles: categoria \u00fanica de professor federal em 13 n\u00edveis, linha \u00fanica no contracheque para a remunera\u00e7\u00e3o docente, isonomia e paridade, piso de R$ 2.018,77, \u201csteps\u201d entre n\u00edveis de 4% e reajuste em apenas parcelas. <a href=\"http:\/\/www.adufpb.org.br\/site\/wp-content\/uploads\/2012\/08\/contraproposta-cng.pptx\" target=\"_blank\">Clique aqui para ver a apresenta\u00e7\u00e3o na \u00edntegra.<\/a><\/p>\n<p>A assembleia tamb\u00e9m aprovou uma mo\u00e7\u00e3o de rep\u00fadio dirigida \u00e0 presidente Dilma Roussef e o calend\u00e1rio de atividades dos pr\u00f3ximos dias (veja abaixo).<\/p>\n<p><strong>Calend\u00e1rio de atividades:<\/strong><\/p>\n<p><strong>4\u00aa feira, 22\/08<\/strong><\/p>\n<p>14h00 &#8211; Reuni\u00e3o Ampliada com estudantes da UFPB no centro de viv\u00eancia<\/p>\n<p><strong>5\u00aa feira, 23\/08<\/strong><\/p>\n<p>9h00 &#8211; Reuni\u00e3o do CONSEPE<\/p>\n<p>14h30 &#8211; Reuni\u00e3o do CLG<\/p>\n<p>15h00 &#8211; Entrevista coletiva \u00e0 imprensa<\/p>\n<p>Reuni\u00f5es em Bananeiras (9h30) e Areia (14h30)<\/p>\n<p><strong>6\u00aa feira, 24\/08<\/strong><\/p>\n<p>16h00 &#8211; Concentra\u00e7\u00e3o para o Ato dos Estudantes (Pra\u00e7a dos tr\u00eas poderes) e Marcha a partir das 17h00<\/p>\n<p><strong>2\u00aa feira, 27\/08<\/strong><\/p>\n<p>9h00 &#8211; Reuni\u00e3o com professores e coordenadores da EaD<\/p>\n<p><strong>4\u00aa feira, 29\/08<\/strong><\/p>\n<p>9h00 &#8211; Assembleia dos professores, Centro de Viv\u00eancia<\/p>\n<p><strong>6\u00aa feira, 31\/08<\/strong><\/p>\n<p>15h00 &#8211; Roda de Conversa (PPGE e Coletivo Canto Geral) com tema \u201cAlgumas verdades sobre a comiss\u00e3o da verdade\u201d com a Prof\u00aa Cec\u00edlia Maria Bou\u00e7as Coimbra.<\/p>\n<p>&nbsp;<\/p>\n<p align=\"center\"><strong>MO\u00c7\u00c3O DIRIGIDA \u00c0 PRESIDENTE DA REP\u00daBLICA DILMA ROUSSEF<\/strong><\/p>\n<p>A assembleia dos professores em greve da Universidade Federal da Para\u00edba aprovou por unanimidade a seguinte mo\u00e7\u00e3o:<\/p>\n<p>&#8220;Cerca de 97% das assembleias de base decidiram continuar a greve, a federa\u00e7\u00e3o Proifes, com a qual o seu governo acabou de assinar um acordo, n\u00e3o representa este conjunto. A proposta de acordo apresentada pelo governo n\u00e3o atende a reestrutura\u00e7\u00e3o da carreira para melhorar nossas condi\u00e7\u00f5es de sal\u00e1rio e trabalho.<\/p>\n<p>Todos sabemos que existem recursos para atender as nossas reivindica\u00e7\u00f5es, bastaria o governo adotar outra pol\u00edtica, deixando de destinar bilh\u00f5es do dinheiro p\u00fablico na forma de isen\u00e7\u00f5es de impostos e outros incentivos \u00e0 iniciativa privada, grandes empres\u00e1rios e multinacionais que s\u00f3 no ano passado, por exemplo, receberam r$ 184 bilh\u00f5es, valor quase 43 vezes maior do que os parcos R$ 4,2 bilh\u00f5es que seriam destinados aos docentes federais. H\u00e1 recursos para atender nossa pauta. Estamos dispostos a negociar com o governo para termos uma proposta que atenda as nossas reivindica\u00e7\u00f5es. Por isso, nos dirigimos a vossa excel\u00eancia, presidente Dilma Roussef, para que determine a reabertura de negocia\u00e7\u00f5es com o comando unit\u00e1rio que representa as entidades locais e nacionais em greve.&#8221;<\/p>\n<p style=\"text-align: center;\">\u00a0<span style=\"text-align: center;\">Jo\u00e3o Pessoa, 22 de agosto de 2012.<\/span><\/p>\n<p style=\"text-align: center;\"><a href=\"http:\/\/www.adufpb.org.br\/site\/wp-content\/uploads\/2012\/08\/assembleia-22.8.2012-5.jpg\"><img loading=\"lazy\" decoding=\"async\" class=\"aligncenter size-medium wp-image-3992\" title=\"assembleia-22.8.2012 - 5\" src=\"http:\/\/www.adufpb.org.br\/site\/wp-content\/uploads\/2012\/08\/assembleia-22.8.2012-5-300x225.jpg\" alt=\"\" width=\"300\" height=\"225\" srcset=\"https:\/\/www.adufpb.org.br\/site\/wp-content\/uploads\/2012\/08\/assembleia-22.8.2012-5-300x225.jpg 300w, https:\/\/www.adufpb.org.br\/site\/wp-content\/uploads\/2012\/08\/assembleia-22.8.2012-5.jpg 1024w\" sizes=\"auto, (max-width: 300px) 100vw, 300px\" \/><\/a><\/p>\n","protected":false},"excerpt":{"rendered":"<p>Os professores da UFPB, em greve desde o dia 17 de maio, aprovaram na \u00faltima quarta-feira (23\/8) a continuidade da greve e a contraproposta elaborada pelo Andes \u2013 Sindicato Nacional para quando forem retomadas as negocia\u00e7\u00f5es com o governo. Dos docentes presentes \u00e0 assembleia geral realizada pela manh\u00e3 no audit\u00f3rio da reitoria, 157 votaram a&hellip;<\/p>\n","protected":false},"author":3,"featured_media":0,"comment_status":"open","ping_status":"open","sticky":false,"template":"","format":"standard","meta":{"footnotes":""},"categories":[15],"tags":[132],"class_list":["post-3990","post","type-post","status-publish","format-standard","hentry","category-noticias","tag-greve","category-15","description-off"],"_links":{"self":[{"href":"https:\/\/www.adufpb.org.br\/site\/wp-json\/wp\/v2\/posts\/3990","targetHints":{"allow":["GET"]}}],"collection":[{"href":"https:\/\/www.adufpb.org.br\/site\/wp-json\/wp\/v2\/posts"}],"about":[{"href":"https:\/\/www.adufpb.org.br\/site\/wp-json\/wp\/v2\/types\/post"}],"author":[{"embeddable":true,"href":"https:\/\/www.adufpb.org.br\/site\/wp-json\/wp\/v2\/users\/3"}],"replies":[{"embeddable":true,"href":"https:\/\/www.adufpb.org.br\/site\/wp-json\/wp\/v2\/comments?post=3990"}],"version-history":[{"count":3,"href":"https:\/\/www.adufpb.org.br\/site\/wp-json\/wp\/v2\/posts\/3990\/revisions"}],"predecessor-version":[{"id":4000,"href":"https:\/\/www.adufpb.org.br\/site\/wp-json\/wp\/v2\/posts\/3990\/revisions\/4000"}],"wp:attachment":[{"href":"https:\/\/www.adufpb.org.br\/site\/wp-json\/wp\/v2\/media?parent=3990"}],"wp:term":[{"taxonomy":"category","embeddable":true,"href":"https:\/\/www.adufpb.org.br\/site\/wp-json\/wp\/v2\/categories?post=3990"},{"taxonomy":"post_tag","embeddable":true,"href":"https:\/\/www.adufpb.org.br\/site\/wp-json\/wp\/v2\/tags?post=3990"}],"curies":[{"name":"wp","href":"https:\/\/api.w.org\/{rel}","templated":true}]}}