{"id":3930,"date":"2012-08-17T08:58:17","date_gmt":"2012-08-17T12:58:17","guid":{"rendered":"http:\/\/www.adufpb.org.br\/site\/?p=3930"},"modified":"2012-08-17T08:58:17","modified_gmt":"2012-08-17T12:58:17","slug":"nota-de-apoio-do-programa-de-pos-graduacao-em-antropologia","status":"publish","type":"post","link":"https:\/\/www.adufpb.org.br\/site\/nota-de-apoio-do-programa-de-pos-graduacao-em-antropologia\/","title":{"rendered":"Nota de apoio do Programa de P\u00f3s-Gradua\u00e7\u00e3o em Antropologia"},"content":{"rendered":"<p style=\"text-align: center;\"><strong>PROGRAMA DE P\u00d3S-GRADUA\u00c7\u00c3O EM ANTROPOLOGIA UFPB<\/strong><\/p>\n<p style=\"text-align: center;\"><strong>\u00a0<\/strong><\/p>\n<p style=\"text-align: center;\"><strong>NOTA DE APOIO \u00c0 GREVE<\/strong><\/p>\n<p style=\"text-align: center;\">\n<p>Reunidos em assembleia no dia 14 de Agosto de 2012, os professores e professoras do Programa de P\u00f3s-Gradua\u00e7\u00e3o em Antropologia decidiram adiar o in\u00edcio de seu semestre letivo, em conson\u00e2ncia com o processo de luta grevista.<\/p>\n<p>Ap\u00f3s quase tr\u00eas meses de greve, o governo vem mantendo uma atitude intransigente, negando-se a um di\u00e1logo construtivo e democr\u00e1tico com os(as) docentes de ensino superior e utilizando amea\u00e7as voltadas a inibir direitos trabalhistas e processos de luta para a melhoria das condi\u00e7\u00f5es do ensino p\u00fablico no pa\u00eds. Perante esta atitude, os professores entenderam que \u00e9 necess\u00e1rio intensificar a mobiliza\u00e7\u00e3o, em sintonia com as delibera\u00e7\u00f5es dos comandos de greve local e nacional.<\/p>\n<p>&nbsp;<\/p>\n<p style=\"text-align: center;\">Jo\u00e3o Pessoa\/2012, 15 de agosto de 2012<\/p>\n","protected":false},"excerpt":{"rendered":"<p>PROGRAMA DE P\u00d3S-GRADUA\u00c7\u00c3O EM ANTROPOLOGIA UFPB \u00a0 NOTA DE APOIO \u00c0 GREVE Reunidos em assembleia no dia 14 de Agosto de 2012, os professores e professoras do Programa de P\u00f3s-Gradua\u00e7\u00e3o em Antropologia decidiram adiar o in\u00edcio de seu semestre letivo, em conson\u00e2ncia com o processo de luta grevista. Ap\u00f3s quase tr\u00eas meses de greve, o&hellip;<\/p>\n","protected":false},"author":3,"featured_media":0,"comment_status":"open","ping_status":"open","sticky":false,"template":"","format":"standard","meta":{"footnotes":""},"categories":[15],"tags":[132],"class_list":["post-3930","post","type-post","status-publish","format-standard","hentry","category-noticias","tag-greve","category-15","description-off"],"_links":{"self":[{"href":"https:\/\/www.adufpb.org.br\/site\/wp-json\/wp\/v2\/posts\/3930","targetHints":{"allow":["GET"]}}],"collection":[{"href":"https:\/\/www.adufpb.org.br\/site\/wp-json\/wp\/v2\/posts"}],"about":[{"href":"https:\/\/www.adufpb.org.br\/site\/wp-json\/wp\/v2\/types\/post"}],"author":[{"embeddable":true,"href":"https:\/\/www.adufpb.org.br\/site\/wp-json\/wp\/v2\/users\/3"}],"replies":[{"embeddable":true,"href":"https:\/\/www.adufpb.org.br\/site\/wp-json\/wp\/v2\/comments?post=3930"}],"version-history":[{"count":2,"href":"https:\/\/www.adufpb.org.br\/site\/wp-json\/wp\/v2\/posts\/3930\/revisions"}],"predecessor-version":[{"id":3932,"href":"https:\/\/www.adufpb.org.br\/site\/wp-json\/wp\/v2\/posts\/3930\/revisions\/3932"}],"wp:attachment":[{"href":"https:\/\/www.adufpb.org.br\/site\/wp-json\/wp\/v2\/media?parent=3930"}],"wp:term":[{"taxonomy":"category","embeddable":true,"href":"https:\/\/www.adufpb.org.br\/site\/wp-json\/wp\/v2\/categories?post=3930"},{"taxonomy":"post_tag","embeddable":true,"href":"https:\/\/www.adufpb.org.br\/site\/wp-json\/wp\/v2\/tags?post=3930"}],"curies":[{"name":"wp","href":"https:\/\/api.w.org\/{rel}","templated":true}]}}