{"id":3923,"date":"2012-08-15T23:35:32","date_gmt":"2012-08-16T03:35:32","guid":{"rendered":"http:\/\/www.adufpb.org.br\/site\/?p=3923"},"modified":"2012-08-15T23:37:59","modified_gmt":"2012-08-16T03:37:59","slug":"professores-realizam-assembleia-na-proxima-6a-feira","status":"publish","type":"post","link":"https:\/\/www.adufpb.org.br\/site\/professores-realizam-assembleia-na-proxima-6a-feira\/","title":{"rendered":"Professores realizam assembleia na pr\u00f3xima 6\u00aa feira"},"content":{"rendered":"<p><a href=\"http:\/\/www.adufpb.org.br\/site\/wp-content\/uploads\/2012\/08\/CARTAZ-ASSEMBLEIA-17-DE-AGOSTO-2012-AUDIT\u00d3RIO-DA-REITORIA.jpg\"><img loading=\"lazy\" decoding=\"async\" class=\"alignleft size-medium wp-image-3925\" title=\"CARTAZ ASSEMBLEIA 17 DE AGOSTO 2012 - AUDIT\u00d3RIO DA REITORIA\" src=\"http:\/\/www.adufpb.org.br\/site\/wp-content\/uploads\/2012\/08\/CARTAZ-ASSEMBLEIA-17-DE-AGOSTO-2012-AUDIT\u00d3RIO-DA-REITORIA-300x207.jpg\" alt=\"\" width=\"300\" height=\"207\" srcset=\"https:\/\/www.adufpb.org.br\/site\/wp-content\/uploads\/2012\/08\/CARTAZ-ASSEMBLEIA-17-DE-AGOSTO-2012-AUDIT\u00d3RIO-DA-REITORIA-300x207.jpg 300w, https:\/\/www.adufpb.org.br\/site\/wp-content\/uploads\/2012\/08\/CARTAZ-ASSEMBLEIA-17-DE-AGOSTO-2012-AUDIT\u00d3RIO-DA-REITORIA-1024x709.jpg 1024w, https:\/\/www.adufpb.org.br\/site\/wp-content\/uploads\/2012\/08\/CARTAZ-ASSEMBLEIA-17-DE-AGOSTO-2012-AUDIT\u00d3RIO-DA-REITORIA.jpg 1816w\" sizes=\"auto, (max-width: 300px) 100vw, 300px\" \/><\/a>A greve dos professores da UFPB completa tr\u00eas meses na pr\u00f3xima sexta-feira (17\/8). Na data, os docentes realizam \u00a0nova assembleia geral para tratar sobre a continuidade do movimento e definir atividades de mobiliza\u00e7\u00e3o. A reuni\u00e3o ser\u00e1 \u00e0s 9h, no audit\u00f3rio da reitoria.<\/p>\n","protected":false},"excerpt":{"rendered":"<p>A greve dos professores da UFPB completa tr\u00eas meses na pr\u00f3xima sexta-feira (17\/8). Na data, os docentes realizam \u00a0nova assembleia geral para tratar sobre a continuidade do movimento e definir atividades de mobiliza\u00e7\u00e3o. A reuni\u00e3o ser\u00e1 \u00e0s 9h, no audit\u00f3rio da reitoria.<\/p>\n","protected":false},"author":3,"featured_media":0,"comment_status":"open","ping_status":"open","sticky":false,"template":"","format":"standard","meta":{"footnotes":""},"categories":[15],"tags":[132],"class_list":["post-3923","post","type-post","status-publish","format-standard","hentry","category-noticias","tag-greve","category-15","description-off"],"_links":{"self":[{"href":"https:\/\/www.adufpb.org.br\/site\/wp-json\/wp\/v2\/posts\/3923","targetHints":{"allow":["GET"]}}],"collection":[{"href":"https:\/\/www.adufpb.org.br\/site\/wp-json\/wp\/v2\/posts"}],"about":[{"href":"https:\/\/www.adufpb.org.br\/site\/wp-json\/wp\/v2\/types\/post"}],"author":[{"embeddable":true,"href":"https:\/\/www.adufpb.org.br\/site\/wp-json\/wp\/v2\/users\/3"}],"replies":[{"embeddable":true,"href":"https:\/\/www.adufpb.org.br\/site\/wp-json\/wp\/v2\/comments?post=3923"}],"version-history":[{"count":3,"href":"https:\/\/www.adufpb.org.br\/site\/wp-json\/wp\/v2\/posts\/3923\/revisions"}],"predecessor-version":[{"id":3927,"href":"https:\/\/www.adufpb.org.br\/site\/wp-json\/wp\/v2\/posts\/3923\/revisions\/3927"}],"wp:attachment":[{"href":"https:\/\/www.adufpb.org.br\/site\/wp-json\/wp\/v2\/media?parent=3923"}],"wp:term":[{"taxonomy":"category","embeddable":true,"href":"https:\/\/www.adufpb.org.br\/site\/wp-json\/wp\/v2\/categories?post=3923"},{"taxonomy":"post_tag","embeddable":true,"href":"https:\/\/www.adufpb.org.br\/site\/wp-json\/wp\/v2\/tags?post=3923"}],"curies":[{"name":"wp","href":"https:\/\/api.w.org\/{rel}","templated":true}]}}