{"id":3915,"date":"2012-08-15T21:35:13","date_gmt":"2012-08-16T01:35:13","guid":{"rendered":"http:\/\/www.adufpb.org.br\/site\/?p=3915"},"modified":"2012-08-15T21:35:13","modified_gmt":"2012-08-16T01:35:13","slug":"servidores-intensificam-mobilizacao-com-marcha-e-aula-publica-em-brasilia","status":"publish","type":"post","link":"https:\/\/www.adufpb.org.br\/site\/servidores-intensificam-mobilizacao-com-marcha-e-aula-publica-em-brasilia\/","title":{"rendered":"Servidores intensificam mobiliza\u00e7\u00e3o com marcha e aula p\u00fablica em Bras\u00edlia"},"content":{"rendered":"<p>Milhares de pessoas s\u00e3o esperadas para a Grande Marcha que acontece nesta quarta-feira (15), na Esplanada dos Minist\u00e9rios, como parte da agenda da Jornada de Lutas organizada pelo F\u00f3rum das Entidades Nacionais dos Servidores P\u00fablicos Federais, que re\u00fane 31 entidades. V\u00e1rias atividades est\u00e3o acontecendo desde segunda-feira, como forma de intensifica\u00e7\u00e3o da greve no funcionalismo p\u00fablico.<\/p>\n<p>A concentra\u00e7\u00e3o para o ato, que deve reunir entre servidores, estudantes e trabalhadores sem terra e sem teto, est\u00e1 marcada a partir das 9 horas, no acampamento que os servidores montaram no gramado central da Esplanada.<\/p>\n<p>No dia seguinte, quinta-feira (16) ser\u00e1 realizada uma grande aula p\u00fablica em frente ao Minist\u00e9rio da Educa\u00e7\u00e3o (MEC). Durante a atividade, os servidores realizar\u00e3o tamb\u00e9m uma encena\u00e7\u00e3o representando a tentativa de enterro do respeito \u00e0 educa\u00e7\u00e3o p\u00fablica, por parte dos representantes do Executivo.<\/p>\n<p>Ap\u00f3s o ato no MEC, representantes do Comando Nacional de Greve do ANDES-SN ir\u00e3o ao Pal\u00e1cio do Planalto entregar uma carta \u00e0 presidente Dilma Rousseff, na qual pedem a reabertura de negocia\u00e7\u00e3o e respeito do governo com a Educa\u00e7\u00e3o P\u00fablica, dita prioridade de seu governo.<\/p>\n<p>Ainda na quinta, \u00e0s 15 horas, ser\u00e1 realizada na tenda dos servidores uma atividade com o dirigente mineiro espanhol, Segundo Menendez Collar, dirigente da Corrente Sindical de Esquerda de Asturias (Sindicato Independente).<\/p>\n<p>Na sexta-feira (17), a plen\u00e1ria unificada dos servidores p\u00fablicos, \u00e0s 10h, ir\u00e1 marcar o encerramento da Jornada de Lutas.<\/p>\n<p>&nbsp;<\/p>\n<p><em>Fonte: ANDES-SN<\/em><\/p>\n","protected":false},"excerpt":{"rendered":"<p>Milhares de pessoas s\u00e3o esperadas para a Grande Marcha que acontece nesta quarta-feira (15), na Esplanada dos Minist\u00e9rios, como parte da agenda da Jornada de Lutas organizada pelo F\u00f3rum das Entidades Nacionais dos Servidores P\u00fablicos Federais, que re\u00fane 31 entidades. V\u00e1rias atividades est\u00e3o acontecendo desde segunda-feira, como forma de intensifica\u00e7\u00e3o da greve no funcionalismo p\u00fablico.&hellip;<\/p>\n","protected":false},"author":3,"featured_media":0,"comment_status":"open","ping_status":"open","sticky":false,"template":"","format":"standard","meta":{"footnotes":""},"categories":[15],"tags":[132],"class_list":["post-3915","post","type-post","status-publish","format-standard","hentry","category-noticias","tag-greve","category-15","description-off"],"_links":{"self":[{"href":"https:\/\/www.adufpb.org.br\/site\/wp-json\/wp\/v2\/posts\/3915","targetHints":{"allow":["GET"]}}],"collection":[{"href":"https:\/\/www.adufpb.org.br\/site\/wp-json\/wp\/v2\/posts"}],"about":[{"href":"https:\/\/www.adufpb.org.br\/site\/wp-json\/wp\/v2\/types\/post"}],"author":[{"embeddable":true,"href":"https:\/\/www.adufpb.org.br\/site\/wp-json\/wp\/v2\/users\/3"}],"replies":[{"embeddable":true,"href":"https:\/\/www.adufpb.org.br\/site\/wp-json\/wp\/v2\/comments?post=3915"}],"version-history":[{"count":1,"href":"https:\/\/www.adufpb.org.br\/site\/wp-json\/wp\/v2\/posts\/3915\/revisions"}],"predecessor-version":[{"id":3916,"href":"https:\/\/www.adufpb.org.br\/site\/wp-json\/wp\/v2\/posts\/3915\/revisions\/3916"}],"wp:attachment":[{"href":"https:\/\/www.adufpb.org.br\/site\/wp-json\/wp\/v2\/media?parent=3915"}],"wp:term":[{"taxonomy":"category","embeddable":true,"href":"https:\/\/www.adufpb.org.br\/site\/wp-json\/wp\/v2\/categories?post=3915"},{"taxonomy":"post_tag","embeddable":true,"href":"https:\/\/www.adufpb.org.br\/site\/wp-json\/wp\/v2\/tags?post=3915"}],"curies":[{"name":"wp","href":"https:\/\/api.w.org\/{rel}","templated":true}]}}