{"id":3908,"date":"2012-08-13T23:43:32","date_gmt":"2012-08-14T03:43:32","guid":{"rendered":"http:\/\/www.adufpb.org.br\/site\/?p=3908"},"modified":"2012-08-13T23:45:56","modified_gmt":"2012-08-14T03:45:56","slug":"termina-4a-feira-prazo-para-participar-do-concurso-de-fotografia-de-adufpb","status":"publish","type":"post","link":"https:\/\/www.adufpb.org.br\/site\/termina-4a-feira-prazo-para-participar-do-concurso-de-fotografia-de-adufpb\/","title":{"rendered":"Termina 4\u00aa feira prazo para participar do Concurso de Fotografia de ADUFPB"},"content":{"rendered":"<p>Ainda d\u00e1 tempo de participar do 1\u00ba Concurso Cultural de Fotografia da ADUFPB. O prazo se encerra na pr\u00f3xima quarta-feira, 15\/7. Intitulado M\u00faltiplos Olhares, o concurso pretende estimular a produ\u00e7\u00e3o de fotografias como atividade cultural e art\u00edstica e, ao mesmo tempo, valorizar a talento dos professores sindicalizados com a publica\u00e7\u00e3o das imagens na Agenda de 2013 e em um calend\u00e1rio, que ser\u00e3o distribu\u00eddos com todos no final deste ano.<\/p>\n<p>Uma comiss\u00e3o julgadora escolher\u00e1 as imagens que ir\u00e3o compor as publica\u00e7\u00f5es de 2013, e, dentre elas, tr\u00eas fotografias ser\u00e3o premiadas de acordo com os crit\u00e9rios de sele\u00e7\u00e3o do concurso.<\/p>\n<p>Para participar, o professor deve encaminhar a fotografia para o e-mail concursofotografico.adufpb@gmail.com, no formato JPG, com tamanho m\u00ednimo de cinco megapixels e com a legenda (identifica\u00e7\u00e3o no arquivo) obedecendo o seguinte modelo: t\u00edtulo\/autor\/local (Ex. titulodafotografia_josesilva_joaopessoa.jpg). O candidato deve anexar na mensagem a ficha de inscri\u00e7\u00e3o dispon\u00edvel no site da ADUFPB (www.adufpb.org.br).<\/p>\n<p>Cada participante poder\u00e1 inscrever at\u00e9 tr\u00eas fotografias, sendo que somente uma fotografia poder\u00e1 ser selecionada para compor a Agenda ADUFPB 2013 e uma poder\u00e1 ser selecionada para compor o Calend\u00e1rio ADUFPB 2013.<\/p>\n<p>&nbsp;<\/p>\n<p><strong>Premia\u00e7\u00e3o<\/strong><\/p>\n<p>O julgamento e escolha das fotos ocorrer\u00e3o at\u00e9 o dia 30 de agosto e a ADUFPB divulgar\u00e1 o resultado do concurso no site do sindicato e por e-mail aos participantes a partir do dia 31.<\/p>\n<p>O autor da foto classificada em primeiro lugar receber\u00e1 uma c\u00e2mera semi-profissional, com 16,2 megapixels, Zoom \u00d3ptico de 30x (27-810mm), full HD V\u00eddeo de 1.080p, grava\u00e7\u00e3o de v\u00eddeo com som est\u00e9reo e sa\u00edda HDMI.<\/p>\n<p>J\u00e1 o autor da foto classificada em segundo lugar receber\u00e1 um (1) HD Externo de 500Gb. E o autor da foto classificada em 3\u00ba lugar receber\u00e1 o livro de fotografias \u201cBeleza Rara \u2013 As mais lindas fotografias de National Geographic\u201d, ed. 2011, com 504 p\u00e1ginas.<\/p>\n<p>&nbsp;<\/p>\n<p><strong>Poemas e frases<\/strong><\/p>\n<p>Al\u00e9m das fotografias, a Comiss\u00e3o Editorial da Agenda ADUFPB 2013 est\u00e1 recebendo at\u00e9 quarta-feira as inscri\u00e7\u00f5es de professores sindicalizados que queiram colaborar com poemas e frases para serem publicados na pr\u00f3xima edi\u00e7\u00e3o da agenda. A previs\u00e3o \u00e9 que a Agenda ADUFPB 2013 seja entregue at\u00e9 o final deste ano.<\/p>\n<p>Os docentes interessados podem inscrever at\u00e9 tr\u00eas poemas. A sele\u00e7\u00e3o dos poemas ser\u00e1 realizada pela Comiss\u00e3o Editorial logo ap\u00f3s o t\u00e9rmino das inscri\u00e7\u00f5es.<\/p>\n<p>Os poemas devem ser curtos (em fun\u00e7\u00e3o dos espa\u00e7os dispon\u00edveis na agenda) e todo o material precisa ser enviado em formato digital por e-mail para a Secretaria da ADUFPB (adufpb@terra.com.br).<\/p>\n<p>&nbsp;<\/p>\n<p><em>Fonte: Ascom ADUFPB<\/em><\/p>\n","protected":false},"excerpt":{"rendered":"<p>Ainda d\u00e1 tempo de participar do 1\u00ba Concurso Cultural de Fotografia da ADUFPB. O prazo se encerra na pr\u00f3xima quarta-feira, 15\/7. Intitulado M\u00faltiplos Olhares, o concurso pretende estimular a produ\u00e7\u00e3o de fotografias como atividade cultural e art\u00edstica e, ao mesmo tempo, valorizar a talento dos professores sindicalizados com a publica\u00e7\u00e3o das imagens na Agenda de&hellip;<\/p>\n","protected":false},"author":3,"featured_media":0,"comment_status":"open","ping_status":"open","sticky":false,"template":"","format":"standard","meta":{"footnotes":""},"categories":[15],"tags":[807,196,118],"class_list":["post-3908","post","type-post","status-publish","format-standard","hentry","category-noticias","tag-agenda","tag-concurso","tag-fotografia","category-15","description-off"],"_links":{"self":[{"href":"https:\/\/www.adufpb.org.br\/site\/wp-json\/wp\/v2\/posts\/3908","targetHints":{"allow":["GET"]}}],"collection":[{"href":"https:\/\/www.adufpb.org.br\/site\/wp-json\/wp\/v2\/posts"}],"about":[{"href":"https:\/\/www.adufpb.org.br\/site\/wp-json\/wp\/v2\/types\/post"}],"author":[{"embeddable":true,"href":"https:\/\/www.adufpb.org.br\/site\/wp-json\/wp\/v2\/users\/3"}],"replies":[{"embeddable":true,"href":"https:\/\/www.adufpb.org.br\/site\/wp-json\/wp\/v2\/comments?post=3908"}],"version-history":[{"count":2,"href":"https:\/\/www.adufpb.org.br\/site\/wp-json\/wp\/v2\/posts\/3908\/revisions"}],"predecessor-version":[{"id":3910,"href":"https:\/\/www.adufpb.org.br\/site\/wp-json\/wp\/v2\/posts\/3908\/revisions\/3910"}],"wp:attachment":[{"href":"https:\/\/www.adufpb.org.br\/site\/wp-json\/wp\/v2\/media?parent=3908"}],"wp:term":[{"taxonomy":"category","embeddable":true,"href":"https:\/\/www.adufpb.org.br\/site\/wp-json\/wp\/v2\/categories?post=3908"},{"taxonomy":"post_tag","embeddable":true,"href":"https:\/\/www.adufpb.org.br\/site\/wp-json\/wp\/v2\/tags?post=3908"}],"curies":[{"name":"wp","href":"https:\/\/api.w.org\/{rel}","templated":true}]}}