{"id":3894,"date":"2012-08-11T04:30:39","date_gmt":"2012-08-11T08:30:39","guid":{"rendered":"http:\/\/www.adufpb.org.br\/site\/?p=3894"},"modified":"2012-08-11T05:03:00","modified_gmt":"2012-08-11T09:03:00","slug":"assembleia-na-ufpb-aprova-continuidade-da-greve","status":"publish","type":"post","link":"https:\/\/www.adufpb.org.br\/site\/assembleia-na-ufpb-aprova-continuidade-da-greve\/","title":{"rendered":"Assembleia na UFPB aprova continuidade da greve"},"content":{"rendered":"<p><a href=\"http:\/\/www.adufpb.org.br\/site\/wp-content\/uploads\/2012\/08\/WEBASSEMBLEIA-GERAL-10-DE-AGOSTO-2012-AUD-REITORIA-57.jpg\"><img loading=\"lazy\" decoding=\"async\" class=\"alignleft size-medium wp-image-3897\" title=\"WEBASSEMBLEIA GERAL 10 DE AGOSTO 2012 - AUD REITORIA (57)\" src=\"http:\/\/www.adufpb.org.br\/site\/wp-content\/uploads\/2012\/08\/WEBASSEMBLEIA-GERAL-10-DE-AGOSTO-2012-AUD-REITORIA-57-300x175.jpg\" alt=\"\" width=\"300\" height=\"175\" srcset=\"https:\/\/www.adufpb.org.br\/site\/wp-content\/uploads\/2012\/08\/WEBASSEMBLEIA-GERAL-10-DE-AGOSTO-2012-AUD-REITORIA-57-300x175.jpg 300w, https:\/\/www.adufpb.org.br\/site\/wp-content\/uploads\/2012\/08\/WEBASSEMBLEIA-GERAL-10-DE-AGOSTO-2012-AUD-REITORIA-57-1024x599.jpg 1024w\" sizes=\"auto, (max-width: 300px) 100vw, 300px\" \/><\/a>Os professores da UFPB aprovaram em assembleia geral, nesta sexta-feira (10\/8), a continuidade da greve da categoria, que j\u00e1 dura 86 dias. Dos 171 docentes que estiveram presentes, apenas quatro votaram pelo fim do movimento e um se absteve.<\/p>\n<p>Tamb\u00e9m foi discutida na assembleia, realizada no audit\u00f3rio da reitoria, a sugest\u00e3o de contraproposta elaborada pelo Comando Local de Greve para ser apresentada ao Andes como sugest\u00e3o nas negocia\u00e7\u00f5es com o governo. O estudo foi apresentado pela professora Cristine Hirsch.<\/p>\n<p>Entre os pontos principais, o CLG prop\u00f5e adequar os percentuais de reajustes propostos pelo Andes ao piso salarial sugerido pelo governo. A proposta do CLG foi aprovada com 78 votos favor\u00e1veis, sete contr\u00e1rios e quatro absten\u00e7\u00f5es.<\/p>\n<p>Na pr\u00f3xima segunda-feira (13\/8), representantes do Comando Local de Greve v\u00e3o se reunir com o reitor R\u00f4mulo Polari para pedir apoio ao movimento e o agendamento de uma reuni\u00e3o extraordin\u00e1ria do Consepe (Conselho Superior de Ensino, Pesquisa e Extens\u00e3o) para decidir sobre a suspens\u00e3o do calend\u00e1rio acad\u00eamico.<\/p>\n<p><a href=\"http:\/\/www.adufpb.org.br\/site\/wp-content\/uploads\/2012\/08\/WEBASSEMBLEIA-GERAL-10-DE-AGOSTO-2012-AUD-REITORIA-2.jpg\"><img loading=\"lazy\" decoding=\"async\" class=\"alignright size-medium wp-image-3898\" title=\"WEBASSEMBLEIA GERAL 10 DE AGOSTO 2012 - AUD REITORIA (2)\" src=\"http:\/\/www.adufpb.org.br\/site\/wp-content\/uploads\/2012\/08\/WEBASSEMBLEIA-GERAL-10-DE-AGOSTO-2012-AUD-REITORIA-2-300x220.jpg\" alt=\"\" width=\"300\" height=\"220\" srcset=\"https:\/\/www.adufpb.org.br\/site\/wp-content\/uploads\/2012\/08\/WEBASSEMBLEIA-GERAL-10-DE-AGOSTO-2012-AUD-REITORIA-2-300x220.jpg 300w, https:\/\/www.adufpb.org.br\/site\/wp-content\/uploads\/2012\/08\/WEBASSEMBLEIA-GERAL-10-DE-AGOSTO-2012-AUD-REITORIA-2-1024x752.jpg 1024w\" sizes=\"auto, (max-width: 300px) 100vw, 300px\" \/><\/a>Se o Conselho aprovar a medida, todas as atividades realizadas na UFPB durante o per\u00edodo de greve passar\u00e3o a ser inv\u00e1lidas (como provas e aulas ministradas apesar da greve), ficar\u00e3o suspensas as atividades de pesquisa e extens\u00e3o e ser\u00e1 adiado o in\u00edcio das aulas nos cursos de p\u00f3s-gradua\u00e7\u00e3o e de Ensino a Dist\u00e2ncia (EAD).<\/p>\n<p>Depois do an\u00fancio do governo no dia 1\u00ba de agosto de que encerraria as negocia\u00e7\u00f5es com os docentes ap\u00f3s acordo com um dos sindicatos da categoria (o Proifes), os Comandos de Greve das universidades v\u00eam buscando intensificar o movimento. Na UFPB, o CLG realizou quarta-feira (8\/8) uma reuni\u00e3o com a presen\u00e7a de 46 professores da p\u00f3s-gradua\u00e7\u00e3o para discutir a paralisa\u00e7\u00e3o dessas atividades.<\/p>\n<div id=\"attachment_3896\" style=\"width: 310px\" class=\"wp-caption alignleft\"><a href=\"http:\/\/www.adufpb.org.br\/site\/wp-content\/uploads\/2012\/08\/WEBASSEMBLEIA-GERAL-10-DE-AGOSTO-2012-AUD-REITORIA-29.jpg\"><img loading=\"lazy\" decoding=\"async\" aria-describedby=\"caption-attachment-3896\" class=\"size-medium wp-image-3896\" title=\"WEBASSEMBLEIA GERAL 10 DE AGOSTO 2012 - AUD REITORIA (29)\" src=\"http:\/\/www.adufpb.org.br\/site\/wp-content\/uploads\/2012\/08\/WEBASSEMBLEIA-GERAL-10-DE-AGOSTO-2012-AUD-REITORIA-29-300x234.jpg\" alt=\"\" width=\"300\" height=\"234\" srcset=\"https:\/\/www.adufpb.org.br\/site\/wp-content\/uploads\/2012\/08\/WEBASSEMBLEIA-GERAL-10-DE-AGOSTO-2012-AUD-REITORIA-29-300x234.jpg 300w, https:\/\/www.adufpb.org.br\/site\/wp-content\/uploads\/2012\/08\/WEBASSEMBLEIA-GERAL-10-DE-AGOSTO-2012-AUD-REITORIA-29-1024x798.jpg 1024w\" sizes=\"auto, (max-width: 300px) 100vw, 300px\" \/><\/a><p id=\"caption-attachment-3896\" class=\"wp-caption-text\">Professora Cristine Hirsch explica a contraproposta elaborada pelo CLG<\/p><\/div>\n<p>No encontro ficou decidido que cada curso ir\u00e1 realizar reuni\u00f5es pr\u00f3prias at\u00e9 o fim da pr\u00f3xima semana para definir se v\u00e3o aderir ao movimento. Antes mesmo dessa decis\u00e3o, os cursos de p\u00f3s-gradua\u00e7\u00e3o de Servi\u00e7o Social e de Direito j\u00e1 haviam anunciado a paralisa\u00e7\u00e3o das atividades. Nesta sexta-feira, a coordena\u00e7\u00e3o do curso de Psicologia Social fez o mesmo.<\/p>\n<p>Na pr\u00f3xima quarta-feira (15\/8), ser\u00e1 realizado o debate \u201cProdutividade e P\u00f3s-Gradua\u00e7\u00e3o, no audit\u00f3rio do CCHLA, para discutir os problemas dos cursos de mestrado e doutorado da UFPB.Confira abaixo outras atividades do calend\u00e1rio do Comando de Greve para a pr\u00f3xima semana.<\/p>\n<p>&nbsp;<\/p>\n<p><strong>Segunda-feira, 13\/08<\/strong><\/p>\n<p>16h &#8211; Audi\u00eancia com Reitor<\/p>\n<p>&nbsp;<\/p>\n<p><strong>Ter\u00e7a-feira, 14\/08<\/strong><\/p>\n<p>14h30 &#8211; Reuni\u00e3o do CLG\/ADFUPB<\/p>\n<p>&nbsp;<\/p>\n<p><strong>Quarta-feira, 15\/08<\/strong><\/p>\n<p>9h &#8211; Debate sobre Produtividade na P\u00f3s-Gradua\u00e7\u00e3o, no Audit\u00f3rio do CCHLA<\/p>\n<p>17h &#8211; CINEGREVE no terra\u00e7o da sede da ADUFPB<\/p>\n<p>&nbsp;<\/p>\n<p><strong>Quinta-feira, 16\/08<\/strong><\/p>\n<p>14h30 &#8211; Reuni\u00e3o do CLG\/ADFUPB<\/p>\n<p>&nbsp;<\/p>\n<p><strong>Sexta-feira, 17\/08<\/strong><\/p>\n<p>9h &#8211; Assembleia dos docentes<\/p>\n<p>&nbsp;<\/p>\n<p><em>Fonte: Ascom ADUFPB<\/em><\/p>\n","protected":false},"excerpt":{"rendered":"<p>Os professores da UFPB aprovaram em assembleia geral, nesta sexta-feira (10\/8), a continuidade da greve da categoria, que j\u00e1 dura 86 dias. Dos 171 docentes que estiveram presentes, apenas quatro votaram pelo fim do movimento e um se absteve. Tamb\u00e9m foi discutida na assembleia, realizada no audit\u00f3rio da reitoria, a sugest\u00e3o de contraproposta elaborada pelo&hellip;<\/p>\n","protected":false},"author":3,"featured_media":0,"comment_status":"open","ping_status":"open","sticky":false,"template":"","format":"standard","meta":{"footnotes":""},"categories":[15],"tags":[132],"class_list":["post-3894","post","type-post","status-publish","format-standard","hentry","category-noticias","tag-greve","category-15","description-off"],"_links":{"self":[{"href":"https:\/\/www.adufpb.org.br\/site\/wp-json\/wp\/v2\/posts\/3894","targetHints":{"allow":["GET"]}}],"collection":[{"href":"https:\/\/www.adufpb.org.br\/site\/wp-json\/wp\/v2\/posts"}],"about":[{"href":"https:\/\/www.adufpb.org.br\/site\/wp-json\/wp\/v2\/types\/post"}],"author":[{"embeddable":true,"href":"https:\/\/www.adufpb.org.br\/site\/wp-json\/wp\/v2\/users\/3"}],"replies":[{"embeddable":true,"href":"https:\/\/www.adufpb.org.br\/site\/wp-json\/wp\/v2\/comments?post=3894"}],"version-history":[{"count":2,"href":"https:\/\/www.adufpb.org.br\/site\/wp-json\/wp\/v2\/posts\/3894\/revisions"}],"predecessor-version":[{"id":3900,"href":"https:\/\/www.adufpb.org.br\/site\/wp-json\/wp\/v2\/posts\/3894\/revisions\/3900"}],"wp:attachment":[{"href":"https:\/\/www.adufpb.org.br\/site\/wp-json\/wp\/v2\/media?parent=3894"}],"wp:term":[{"taxonomy":"category","embeddable":true,"href":"https:\/\/www.adufpb.org.br\/site\/wp-json\/wp\/v2\/categories?post=3894"},{"taxonomy":"post_tag","embeddable":true,"href":"https:\/\/www.adufpb.org.br\/site\/wp-json\/wp\/v2\/tags?post=3894"}],"curies":[{"name":"wp","href":"https:\/\/api.w.org\/{rel}","templated":true}]}}