{"id":3763,"date":"2012-07-24T22:42:23","date_gmt":"2012-07-25T02:42:23","guid":{"rendered":"http:\/\/www.adufpb.org.br\/site\/?p=3763"},"modified":"2012-07-24T22:42:23","modified_gmt":"2012-07-25T02:42:23","slug":"docentes-em-greve-voltam-a-se-reunir-com-governo-nesta-terca-24","status":"publish","type":"post","link":"https:\/\/www.adufpb.org.br\/site\/docentes-em-greve-voltam-a-se-reunir-com-governo-nesta-terca-24\/","title":{"rendered":"Docentes em greve voltam a se reunir com governo nesta ter\u00e7a (24)"},"content":{"rendered":"<p>Depois de ouvirem dos dirigentes sindicais que os docentes das Institui\u00e7\u00f5es Federais de Ensino (IFE) rejeitaram por unanimidade e de maneira categ\u00f3rica a proposta do governo, representantes do Minist\u00e9rio do Planejamento e da Educa\u00e7\u00e3o presentes na reuni\u00e3o de segunda-feira (23) com as entidades sindicais aceitaram marcar para esta ter\u00e7a-feira (24), uma nova reuni\u00e3o na qual o governo avaliar\u00e1 as cr\u00edticas e sugest\u00f5es apresentadas. Ainda na segunda-feira, o secret\u00e1rio de Rela\u00e7\u00f5es do Trabalho, S\u00e9rgio Mendon\u00e7a, e o secret\u00e1rio de Ensino Superior do MEC, Amaro Lins, se reuniram com os ministros Mercadante e Miriam Belchior para debater a quest\u00e3o.<\/p>\n<p><a href=\"http:\/\/www.adufpb.org.br\/site\/wp-content\/uploads\/2012\/07\/Resposta_ao_governo_23_de_julho__final1.doc\" target=\"_blank\">Leia aqui a resposta do Andes \u00e0 proposta do governo.<\/a><\/p>\n<p>\u201cEles, os representantes do governo, se mostraram surpresos com o rotundo n\u00e3o que a categoria deu \u00e0 proposta, mas, ao final da reuni\u00e3o, aceitaram \u2018processar\u2019 nas esferas internas do governo os argumentos colocados pelas entidades e ficaram de dar uma resposta amanh\u00e3, numa reuni\u00e3o que est\u00e1 pr\u00e9-agendada para \u00e0s 10h\u201d, informou a presidente do ANDES-SN, Marinalva Oliveira, ao grupo de professores que acompanhou a reuni\u00e3o do lado de fora do Minist\u00e9rio do Planejamento. Cerca de 100 representantes do CNG do ANDES-SN, do Comando Local de Greve da UnB, do CNG do Sinasefe e do CNG dos Estudantes fizeram v\u00edgilia durante toda a reuni\u00e3o, em frente ao bloco C da Esplanada.<\/p>\n<p>&nbsp;<\/p>\n<p><strong>Proposta<\/strong><\/p>\n<p>A reuni\u00e3o, inicialmente marcada para \u00e0s 14h, come\u00e7ou \u00e0s 15h50 porque tanto S\u00e9rgio Mendon\u00e7a quanto Amaro Lins estavam em outro encontro com os reitores dos Institutos Federais. Os dirigentes do ANDES-SN foram os primeiros a falar. Na ocasi\u00e3o, foi entregue o posicionamento do CNG\/ANDES-SN acerca da proposta apresentada pelo governo.<\/p>\n<p>Al\u00e9m de enumerar os problemas da proposta, o texto aponta um caminho de passos concretos, proposto pelo ANDES-SN, para que as negocia\u00e7\u00f5es acerca da carreira docente possam avan\u00e7ar. \u201cMostramos que a proposta do governo n\u00e3o tinha nenhum avan\u00e7o e, pelo contr\u00e1rio, era um retrocesso \u00e0 atual carreira que temos\u201d, disse Marinalva.<\/p>\n<p>Apesar de demorarem a aceitar que a proposta do governo era prejudicial para a categoria, os representantes do Executivo concordaram em avaliar, internamente, at\u00e9 onde \u00e9 poss\u00edvel ir. Em entrevista dada \u00e0 imprensa, Amaro Lins adiantou que o governo trabalha com a possibilidade de deixar algumas discuss\u00f5es para depois e pensa, para isso, na cria\u00e7\u00e3o de grupos de trabalho.<\/p>\n<p>Para a presidente do ANDES-SN, Marinalva Oliveira, a categoria deve continuar mobilizada. \u201cO governo s\u00f3 apresentou uma proposta devido \u00e0 nossa greve. Demos um n\u00e3o ao que foi apresentado, mas temos de continuar em greve e mobilizados para avan\u00e7armos\u201d, avalia.<\/p>\n<p>Nesta segunda-feira, a dire\u00e7\u00e3o do ANDES-SN tamb\u00e9m protocolou no Minist\u00e9rio da Educa\u00e7\u00e3o uma carta com a Pauta de Reivindica\u00e7\u00f5es relativas \u00e0s condi\u00e7\u00f5es de trabalho e estudo nas IFE.<\/p>\n<p>&nbsp;<\/p>\n<p><em>Fonte: ANDES-SN<\/em><\/p>\n","protected":false},"excerpt":{"rendered":"<p>Depois de ouvirem dos dirigentes sindicais que os docentes das Institui\u00e7\u00f5es Federais de Ensino (IFE) rejeitaram por unanimidade e de maneira categ\u00f3rica a proposta do governo, representantes do Minist\u00e9rio do Planejamento e da Educa\u00e7\u00e3o presentes na reuni\u00e3o de segunda-feira (23) com as entidades sindicais aceitaram marcar para esta ter\u00e7a-feira (24), uma nova reuni\u00e3o na qual&hellip;<\/p>\n","protected":false},"author":3,"featured_media":0,"comment_status":"open","ping_status":"open","sticky":false,"template":"","format":"standard","meta":{"footnotes":""},"categories":[15],"tags":[132],"class_list":["post-3763","post","type-post","status-publish","format-standard","hentry","category-noticias","tag-greve","category-15","description-off"],"_links":{"self":[{"href":"https:\/\/www.adufpb.org.br\/site\/wp-json\/wp\/v2\/posts\/3763","targetHints":{"allow":["GET"]}}],"collection":[{"href":"https:\/\/www.adufpb.org.br\/site\/wp-json\/wp\/v2\/posts"}],"about":[{"href":"https:\/\/www.adufpb.org.br\/site\/wp-json\/wp\/v2\/types\/post"}],"author":[{"embeddable":true,"href":"https:\/\/www.adufpb.org.br\/site\/wp-json\/wp\/v2\/users\/3"}],"replies":[{"embeddable":true,"href":"https:\/\/www.adufpb.org.br\/site\/wp-json\/wp\/v2\/comments?post=3763"}],"version-history":[{"count":1,"href":"https:\/\/www.adufpb.org.br\/site\/wp-json\/wp\/v2\/posts\/3763\/revisions"}],"predecessor-version":[{"id":3764,"href":"https:\/\/www.adufpb.org.br\/site\/wp-json\/wp\/v2\/posts\/3763\/revisions\/3764"}],"wp:attachment":[{"href":"https:\/\/www.adufpb.org.br\/site\/wp-json\/wp\/v2\/media?parent=3763"}],"wp:term":[{"taxonomy":"category","embeddable":true,"href":"https:\/\/www.adufpb.org.br\/site\/wp-json\/wp\/v2\/categories?post=3763"},{"taxonomy":"post_tag","embeddable":true,"href":"https:\/\/www.adufpb.org.br\/site\/wp-json\/wp\/v2\/tags?post=3763"}],"curies":[{"name":"wp","href":"https:\/\/api.w.org\/{rel}","templated":true}]}}