{"id":372,"date":"2009-09-16T11:01:06","date_gmt":"2009-09-16T15:01:06","guid":{"rendered":"http:\/\/www.adufpb.org.br\/site\/?p=372"},"modified":"2009-10-05T08:13:03","modified_gmt":"2009-10-05T12:13:03","slug":"gt-de-assunto-de-aposentadoria-realiza-debate","status":"publish","type":"post","link":"https:\/\/www.adufpb.org.br\/site\/gt-de-assunto-de-aposentadoria-realiza-debate\/","title":{"rendered":"GT de Assunto de Aposentadoria realiza debate"},"content":{"rendered":"<p><img loading=\"lazy\" decoding=\"async\" class=\"alignleft size-full wp-image-373\" title=\"DSC03687\" src=\"http:\/\/www.adufpb.org.br\/site\/wp-content\/uploads\/2009\/09\/DSC03687.jpg\" alt=\"DSC03687\" width=\"280\" height=\"210\" srcset=\"https:\/\/www.adufpb.org.br\/site\/wp-content\/uploads\/2009\/09\/DSC03687.jpg 400w, https:\/\/www.adufpb.org.br\/site\/wp-content\/uploads\/2009\/09\/DSC03687-300x225.jpg 300w\" sizes=\"auto, (max-width: 280px) 100vw, 280px\" \/>A ADUFPB, atrav\u00e9s do Grupo de Trabalho (GT) de Assuntos de Aposentadoria, realizou na manh\u00e3 desta quarta-feira (16), na Sala de Leitura da sede do sindicato, uma reuni\u00e3o com os professores aposentados filiados \u00e0 entidade.<\/p>\n<p>Entre os temas do debate estavam as quest\u00f5es relativas \u00e0 categoria dos aposentados, ao Fator Previdenci\u00e1rio (PLS 296\/03 \u2013 3299 na C\u00e2mara) e \u00e0 carreira docente. Participaram da mesa de reuni\u00e3o a secret\u00e1ria-geral da ADUFPB, Terezinha Diniz; a diretora de Assuntos de Aposentadoria, Liney Carneiro Benevides, e o presidente da Associa\u00e7\u00e3o dos Inativos e Pensionistas da UFPB (Asip-PB), Carlito Gondim.<\/p>\n<p>De acordo com a professora Terezinha Diniz, a reuni\u00e3o foi bastante proveitosa e contou com a participa\u00e7\u00e3o de v\u00e1rios associados. Ela informa que as decis\u00f5es tomadas durante o encontro ser\u00e3o divulgadas nos pr\u00f3ximos dias.<\/p>\n<p><img loading=\"lazy\" decoding=\"async\" class=\"size-full wp-image-374 alignnone\" title=\"DSC03691\" src=\"http:\/\/www.adufpb.org.br\/site\/wp-content\/uploads\/2009\/09\/DSC03691.jpg\" alt=\"DSC03691\" width=\"400\" height=\"300\" srcset=\"https:\/\/www.adufpb.org.br\/site\/wp-content\/uploads\/2009\/09\/DSC03691.jpg 400w, https:\/\/www.adufpb.org.br\/site\/wp-content\/uploads\/2009\/09\/DSC03691-300x225.jpg 300w\" sizes=\"auto, (max-width: 400px) 100vw, 400px\" \/><\/p>\n<p><img loading=\"lazy\" decoding=\"async\" class=\"alignnone size-full wp-image-377\" title=\"DSC03689\" src=\"http:\/\/www.adufpb.org.br\/site\/wp-content\/uploads\/2009\/09\/DSC03689.jpg\" alt=\"DSC03689\" width=\"400\" height=\"300\" srcset=\"https:\/\/www.adufpb.org.br\/site\/wp-content\/uploads\/2009\/09\/DSC03689.jpg 400w, https:\/\/www.adufpb.org.br\/site\/wp-content\/uploads\/2009\/09\/DSC03689-300x225.jpg 300w\" sizes=\"auto, (max-width: 400px) 100vw, 400px\" \/><\/p>\n<p><img loading=\"lazy\" decoding=\"async\" class=\"alignnone size-full wp-image-376\" title=\"DSC03686\" src=\"http:\/\/www.adufpb.org.br\/site\/wp-content\/uploads\/2009\/09\/DSC03686.jpg\" alt=\"DSC03686\" width=\"400\" height=\"300\" srcset=\"https:\/\/www.adufpb.org.br\/site\/wp-content\/uploads\/2009\/09\/DSC03686.jpg 400w, https:\/\/www.adufpb.org.br\/site\/wp-content\/uploads\/2009\/09\/DSC03686-300x225.jpg 300w\" sizes=\"auto, (max-width: 400px) 100vw, 400px\" \/><\/p>\n<p><img loading=\"lazy\" decoding=\"async\" class=\"alignnone size-full wp-image-375\" title=\"DSC03683\" src=\"http:\/\/www.adufpb.org.br\/site\/wp-content\/uploads\/2009\/09\/DSC03683.jpg\" alt=\"DSC03683\" width=\"400\" height=\"300\" srcset=\"https:\/\/www.adufpb.org.br\/site\/wp-content\/uploads\/2009\/09\/DSC03683.jpg 400w, https:\/\/www.adufpb.org.br\/site\/wp-content\/uploads\/2009\/09\/DSC03683-300x225.jpg 300w\" sizes=\"auto, (max-width: 400px) 100vw, 400px\" \/><\/p>\n","protected":false},"excerpt":{"rendered":"<p>A ADUFPB, atrav\u00e9s do Grupo de Trabalho (GT) de Assuntos de Aposentadoria, realizou na manh\u00e3 desta quarta-feira (16), na Sala de Leitura da sede do sindicato, uma reuni\u00e3o com os professores aposentados filiados \u00e0 entidade. Entre os temas do debate estavam as quest\u00f5es relativas \u00e0 categoria dos aposentados, ao Fator Previdenci\u00e1rio (PLS 296\/03 \u2013 3299&hellip;<\/p>\n","protected":false},"author":1,"featured_media":0,"comment_status":"open","ping_status":"open","sticky":false,"template":"","format":"standard","meta":{"footnotes":""},"categories":[15],"tags":[48,47],"class_list":["post-372","post","type-post","status-publish","format-standard","hentry","category-noticias","tag-assuntos-de-aposentadoria","tag-grupo-de-trabalho","category-15","description-off"],"_links":{"self":[{"href":"https:\/\/www.adufpb.org.br\/site\/wp-json\/wp\/v2\/posts\/372","targetHints":{"allow":["GET"]}}],"collection":[{"href":"https:\/\/www.adufpb.org.br\/site\/wp-json\/wp\/v2\/posts"}],"about":[{"href":"https:\/\/www.adufpb.org.br\/site\/wp-json\/wp\/v2\/types\/post"}],"author":[{"embeddable":true,"href":"https:\/\/www.adufpb.org.br\/site\/wp-json\/wp\/v2\/users\/1"}],"replies":[{"embeddable":true,"href":"https:\/\/www.adufpb.org.br\/site\/wp-json\/wp\/v2\/comments?post=372"}],"version-history":[{"count":9,"href":"https:\/\/www.adufpb.org.br\/site\/wp-json\/wp\/v2\/posts\/372\/revisions"}],"predecessor-version":[{"id":379,"href":"https:\/\/www.adufpb.org.br\/site\/wp-json\/wp\/v2\/posts\/372\/revisions\/379"}],"wp:attachment":[{"href":"https:\/\/www.adufpb.org.br\/site\/wp-json\/wp\/v2\/media?parent=372"}],"wp:term":[{"taxonomy":"category","embeddable":true,"href":"https:\/\/www.adufpb.org.br\/site\/wp-json\/wp\/v2\/categories?post=372"},{"taxonomy":"post_tag","embeddable":true,"href":"https:\/\/www.adufpb.org.br\/site\/wp-json\/wp\/v2\/tags?post=372"}],"curies":[{"name":"wp","href":"https:\/\/api.w.org\/{rel}","templated":true}]}}