{"id":3711,"date":"2012-07-18T00:31:22","date_gmt":"2012-07-18T04:31:22","guid":{"rendered":"http:\/\/www.adufpb.org.br\/site\/?p=3711"},"modified":"2012-07-18T00:39:26","modified_gmt":"2012-07-18T04:39:26","slug":"nota-de-pesar-15","status":"publish","type":"post","link":"https:\/\/www.adufpb.org.br\/site\/nota-de-pesar-15\/","title":{"rendered":"NOTA DE PESAR"},"content":{"rendered":"<p><span style=\"font-size: medium;\">A Diretoria Executiva da ADUFPB vem manifestar seu profundo pesar, bem como manifestar condol\u00eancias \u00e0 fam\u00edlia enlutada, pela morte do professor <strong>Elp\u00eddio Navarro<\/strong>, do Departamento de Artes do Centro de Comunica\u00e7\u00e3o, Turismo e Artes da UFPB, falecido na madrugada desta ter\u00e7a-feira, 17\/07. O professor Elp\u00eddio Navarro foi diretor de Imprensa e Divulga\u00e7\u00e3o da ADUFPB na gest\u00e3o 1983\/1984. O corpo est\u00e1 sendo velado na Central de Vel\u00f3rio S\u00e3o Jo\u00e3o Batista, em Jo\u00e3o Pessoa.<\/span><\/p>\n<p style=\"text-align: center;\"><span style=\"font-size: medium;\">Jo\u00e3o Pessoa, 17 de julho de 2012.<\/span><\/p>\n<p style=\"text-align: center;\"><strong><span style=\"font-size: medium;\">DIRETORIA EXECUTIVA<\/span><\/strong><\/p>\n<p style=\"text-align: center;\"><a href=\"http:\/\/www.adufpb.org.br\/site\/wp-content\/uploads\/2012\/07\/Professor-Elp\u00eddio-Navarro.jpg\"><img loading=\"lazy\" decoding=\"async\" class=\"aligncenter size-full wp-image-3712\" title=\"Professor Elp\u00eddio Navarro\" src=\"http:\/\/www.adufpb.org.br\/site\/wp-content\/uploads\/2012\/07\/Professor-Elp\u00eddio-Navarro.jpg\" alt=\"\" width=\"225\" height=\"244\" \/><\/a><\/p>\n","protected":false},"excerpt":{"rendered":"<p>A Diretoria Executiva da ADUFPB vem manifestar seu profundo pesar, bem como manifestar condol\u00eancias \u00e0 fam\u00edlia enlutada, pela morte do professor Elp\u00eddio Navarro, do Departamento de Artes do Centro de Comunica\u00e7\u00e3o, Turismo e Artes da UFPB, falecido na madrugada desta ter\u00e7a-feira, 17\/07. O professor Elp\u00eddio Navarro foi diretor de Imprensa e Divulga\u00e7\u00e3o da ADUFPB na&hellip;<\/p>\n","protected":false},"author":3,"featured_media":0,"comment_status":"open","ping_status":"open","sticky":false,"template":"","format":"standard","meta":{"footnotes":""},"categories":[15],"tags":[236],"class_list":["post-3711","post","type-post","status-publish","format-standard","hentry","category-noticias","tag-nota-de-pesar","category-15","description-off"],"_links":{"self":[{"href":"https:\/\/www.adufpb.org.br\/site\/wp-json\/wp\/v2\/posts\/3711","targetHints":{"allow":["GET"]}}],"collection":[{"href":"https:\/\/www.adufpb.org.br\/site\/wp-json\/wp\/v2\/posts"}],"about":[{"href":"https:\/\/www.adufpb.org.br\/site\/wp-json\/wp\/v2\/types\/post"}],"author":[{"embeddable":true,"href":"https:\/\/www.adufpb.org.br\/site\/wp-json\/wp\/v2\/users\/3"}],"replies":[{"embeddable":true,"href":"https:\/\/www.adufpb.org.br\/site\/wp-json\/wp\/v2\/comments?post=3711"}],"version-history":[{"count":2,"href":"https:\/\/www.adufpb.org.br\/site\/wp-json\/wp\/v2\/posts\/3711\/revisions"}],"predecessor-version":[{"id":3719,"href":"https:\/\/www.adufpb.org.br\/site\/wp-json\/wp\/v2\/posts\/3711\/revisions\/3719"}],"wp:attachment":[{"href":"https:\/\/www.adufpb.org.br\/site\/wp-json\/wp\/v2\/media?parent=3711"}],"wp:term":[{"taxonomy":"category","embeddable":true,"href":"https:\/\/www.adufpb.org.br\/site\/wp-json\/wp\/v2\/categories?post=3711"},{"taxonomy":"post_tag","embeddable":true,"href":"https:\/\/www.adufpb.org.br\/site\/wp-json\/wp\/v2\/tags?post=3711"}],"curies":[{"name":"wp","href":"https:\/\/api.w.org\/{rel}","templated":true}]}}