{"id":3695,"date":"2012-07-14T02:07:24","date_gmt":"2012-07-14T06:07:24","guid":{"rendered":"http:\/\/www.adufpb.org.br\/site\/?p=3695"},"modified":"2014-02-19T16:07:35","modified_gmt":"2014-02-19T20:07:35","slug":"leitura-poetica-do-estatuto-da-crianca-e-do-adolescente","status":"publish","type":"post","link":"https:\/\/www.adufpb.org.br\/site\/leitura-poetica-do-estatuto-da-crianca-e-do-adolescente\/","title":{"rendered":"Leitura po\u00e9tica do Estatuto da Crian\u00e7a e do adolescente"},"content":{"rendered":"<p>Todos n\u00f3s temos direitos<\/p>\n<p>uns menos outros mais<\/p>\n<p>mas existem alguns direitos<\/p>\n<p>chamados fundamentais<\/p>\n<p>&nbsp;<\/p>\n<p>direito fundamental<\/p>\n<p>\u00e9 o direito de nascer<\/p>\n<p>o direito de mamar<\/p>\n<p>o direito de crescer<\/p>\n<p>&nbsp;<\/p>\n<p>direitos fundamentais<\/p>\n<p>todos temos que saber<\/p>\n<p>se quisermos garantir<\/p>\n<p>o direito de viver<\/p>\n<p>&nbsp;<\/p>\n<p>N\u00f3s temos tantos direitos<\/p>\n<p>que n\u00e3o podemos contar<\/p>\n<p>o direito de ir e vir<\/p>\n<p>o direito de opinar<\/p>\n<p>&nbsp;<\/p>\n<p>o direito de brincar<\/p>\n<p>de procurar divers\u00e3o<\/p>\n<p>o direito de criar<\/p>\n<p>o direito de express\u00e3o<\/p>\n<p>&nbsp;<\/p>\n<p>n\u00f3s temos tantos direitos<\/p>\n<p>que \u00e9 importante observar<\/p>\n<p>se a vida nos d\u00e1 direitos<\/p>\n<p>direito \u00e9 participar<\/p>\n<p>&nbsp;<\/p>\n<p>Conviver com nossos pais<\/p>\n<p>com os amigos e vizinhos<\/p>\n<p>\u00e9 direito e \u00e9 raz\u00e3o<\/p>\n<p>pra n\u00e3o vivermos sozinhos<\/p>\n<p>&nbsp;<\/p>\n<p>os nossos pais verdadeiros<\/p>\n<p>ou nossos pais adotivos<\/p>\n<p>formam a nossa fam\u00edlia<\/p>\n<p>nos tornam ainda mais vivos<\/p>\n<p>&nbsp;<\/p>\n<p>com amor e amizade<\/p>\n<p>\u00e9 que podemos crescer<\/p>\n<p>faz parte da nossa vida<\/p>\n<p>a arte de conviver<\/p>\n<p>&nbsp;<\/p>\n<p>O trabalho \u00e9 um direito<\/p>\n<p>\u00e9 preciso trabalhar<\/p>\n<p>observando a idade<\/p>\n<p>o modo certo e o lugar<\/p>\n<p>&nbsp;<\/p>\n<p>crian\u00e7as e adolescentes<\/p>\n<p>t\u00eam direito \u00e0 prote\u00e7\u00e3o<\/p>\n<p>antes de ter trabalho<\/p>\n<p>t\u00eam que ter educa\u00e7\u00e3o<\/p>\n<p>&nbsp;<\/p>\n<p>pois s\u00f3 o conhecimento<\/p>\n<p>e uma boa orienta\u00e7\u00e3o<\/p>\n<p>podem possibilitar<\/p>\n<p>a escolha da profiss\u00e3o<\/p>\n<p>&nbsp;<\/p>\n<p>Tamb\u00e9m \u00e9 nosso direito<\/p>\n<p>o direito de saber<\/p>\n<p>investigar, pesquisar,<\/p>\n<p>observar e conhecer<\/p>\n<p>&nbsp;<\/p>\n<p>n\u00e3o basta a escola da vida<\/p>\n<p>para ensinar a viver<\/p>\n<p>o professor e o livro<\/p>\n<p>ajudam a compreender<\/p>\n<p>&nbsp;<\/p>\n<p>o cinema e o museu<\/p>\n<p>a biblioteca e a TV<\/p>\n<p>o estudo \u00e9 permanente<\/p>\n<p>ningu\u00e9m p\u00e1ra de aprender<\/p>\n<p>&nbsp;<\/p>\n<p>Mas em quest\u00e3o de direito<\/p>\n<p>temos que ter aten\u00e7\u00e3o<\/p>\n<p>pra que o direito n\u00e3o sofra<\/p>\n<p>amea\u00e7a ou viola\u00e7\u00e3o<\/p>\n<p>&nbsp;<\/p>\n<p>est\u00e1 decretado agora<\/p>\n<p>e para sempre ser\u00e1<\/p>\n<p>a lei \u00e9 pra prevenir<\/p>\n<p>n\u00e3o d\u00e1 pra remediar<\/p>\n<p>&nbsp;<\/p>\n<p>crian\u00e7as e adolescentes<\/p>\n<p>s\u00e3o seres em forma\u00e7\u00e3o<\/p>\n<p>quem n\u00e3o cuida da semente<\/p>\n<p>perde toda planta\u00e7\u00e3o<\/p>\n<p>&nbsp;<\/p>\n<p>As crian\u00e7as t\u00eam direitos<\/p>\n<p>e n\u00f3s a obriga\u00e7\u00e3o<\/p>\n<p>de oferecer atendimento<\/p>\n<p>e especial aten\u00e7\u00e3o<\/p>\n<p>&nbsp;<\/p>\n<p>pra que ningu\u00e9m sofra abuso<\/p>\n<p>crueldade ou opress\u00e3o<\/p>\n<p>nem seja submetido<\/p>\n<p>a qualquer explora\u00e7\u00e3o<\/p>\n<p>&nbsp;<\/p>\n<p>a fam\u00edlia e a sociedade<\/p>\n<p>e estado e a uni\u00e3o<\/p>\n<p>todos s\u00e3o respons\u00e1veis<\/p>\n<p>por essa prote\u00e7\u00e3o<\/p>\n<p>&nbsp;<\/p>\n<p>Por\u00e9m se a crian\u00e7a erra<\/p>\n<p>comete uma transgress\u00e3o<\/p>\n<p>o castigo com viol\u00eancia<\/p>\n<p>n\u00e3o \u00e9 a melhor solu\u00e7\u00e3o<\/p>\n<p>&nbsp;<\/p>\n<p>est\u00e1 provado e comprovado<\/p>\n<p>n\u00e3o h\u00e1 por que duvidar<\/p>\n<p>o ser humano que erra<\/p>\n<p>pode voltar acertar<\/p>\n<p>&nbsp;<\/p>\n<p>n\u00f3s temos tantos direitos<\/p>\n<p>at\u00e9 o direito de errar<\/p>\n<p>o milagre da exist\u00eancia<\/p>\n<p>\u00e9 a gente poder mudar<\/p>\n<p>&nbsp;<\/p>\n<p>Crian\u00e7as e adolescentes<\/p>\n<p>s\u00f3 poder\u00e3o ser felizes<\/p>\n<p>se crescerem sem traumas<\/p>\n<p>sem cortes sem cicatrizes<\/p>\n<p>&nbsp;<\/p>\n<p>se os pais tiverem trabalho<\/p>\n<p>justi\u00e7a e dignidade<\/p>\n<p>ensinar\u00e3o aos seus filhos<\/p>\n<p>o amor e a liberdade<\/p>\n<p>&nbsp;<\/p>\n<p>ser livre \u00e9 crescer com f\u00e9<\/p>\n<p>com alegria e esperan\u00e7a<\/p>\n<p>\u00e9 saber olhar o mundo<\/p>\n<p>com os olhos de crian\u00e7a<\/p>\n<p>&nbsp;<\/p>\n<p>A lei \u00e9 linda porque<\/p>\n<p>sem lei n\u00e3o h\u00e1 liberdade<\/p>\n<p>sem liberdade n\u00e3o pode<\/p>\n<p>existir felicidade<\/p>\n<p>&nbsp;<\/p>\n<p>a liberdade n\u00e3o \u00e9<\/p>\n<p>fazer o que se pretende<\/p>\n<p>ser livre \u00e9 cumprir a lei<\/p>\n<p>assim a gente se entende<\/p>\n<p>&nbsp;<\/p>\n<p>crian\u00e7as e adolescentes<\/p>\n<p>merecem ser respeitados<\/p>\n<p>para que todos tenham<\/p>\n<p>seus sonhos realizados.<\/p>\n<p>&nbsp;<\/p>\n<p><em>Eliakin Rufino<\/em><\/p>\n<p><em>FORUM DCA\/RORAIMA.<\/em><\/p>\n","protected":false},"excerpt":{"rendered":"<p>Todos n\u00f3s temos direitos uns menos outros mais mas existem alguns direitos chamados fundamentais &nbsp; direito fundamental \u00e9 o direito de nascer o direito de mamar o direito de crescer &nbsp; direitos fundamentais todos temos que saber se quisermos garantir o direito de viver &nbsp; N\u00f3s temos tantos direitos que n\u00e3o podemos contar o direito&hellip;<\/p>\n","protected":false},"author":3,"featured_media":0,"comment_status":"open","ping_status":"open","sticky":false,"template":"","format":"standard","meta":{"footnotes":""},"categories":[16],"tags":[],"class_list":["post-3695","post","type-post","status-publish","format-standard","hentry","category-artigos","category-16","description-off"],"_links":{"self":[{"href":"https:\/\/www.adufpb.org.br\/site\/wp-json\/wp\/v2\/posts\/3695","targetHints":{"allow":["GET"]}}],"collection":[{"href":"https:\/\/www.adufpb.org.br\/site\/wp-json\/wp\/v2\/posts"}],"about":[{"href":"https:\/\/www.adufpb.org.br\/site\/wp-json\/wp\/v2\/types\/post"}],"author":[{"embeddable":true,"href":"https:\/\/www.adufpb.org.br\/site\/wp-json\/wp\/v2\/users\/3"}],"replies":[{"embeddable":true,"href":"https:\/\/www.adufpb.org.br\/site\/wp-json\/wp\/v2\/comments?post=3695"}],"version-history":[{"count":3,"href":"https:\/\/www.adufpb.org.br\/site\/wp-json\/wp\/v2\/posts\/3695\/revisions"}],"predecessor-version":[{"id":8013,"href":"https:\/\/www.adufpb.org.br\/site\/wp-json\/wp\/v2\/posts\/3695\/revisions\/8013"}],"wp:attachment":[{"href":"https:\/\/www.adufpb.org.br\/site\/wp-json\/wp\/v2\/media?parent=3695"}],"wp:term":[{"taxonomy":"category","embeddable":true,"href":"https:\/\/www.adufpb.org.br\/site\/wp-json\/wp\/v2\/categories?post=3695"},{"taxonomy":"post_tag","embeddable":true,"href":"https:\/\/www.adufpb.org.br\/site\/wp-json\/wp\/v2\/tags?post=3695"}],"curies":[{"name":"wp","href":"https:\/\/api.w.org\/{rel}","templated":true}]}}