{"id":36871,"date":"2026-09-04T18:39:03","date_gmt":"2026-09-04T21:39:03","guid":{"rendered":"https:\/\/www.adufpb.org.br\/site\/?p=36871"},"modified":"2026-09-04T18:39:03","modified_gmt":"2026-09-04T21:39:03","slug":"adufpb-convoca-categoria-para-reuniao-na-terca-feira-8-sobre-minuta-de-alocacao-de-vagas-docentes","status":"publish","type":"post","link":"https:\/\/www.adufpb.org.br\/site\/adufpb-convoca-categoria-para-reuniao-na-terca-feira-8-sobre-minuta-de-alocacao-de-vagas-docentes\/","title":{"rendered":"ADUFPB convoca categoria para reuni\u00e3o, na ter\u00e7a-feira (8), sobre minuta de aloca\u00e7\u00e3o de vagas docentes"},"content":{"rendered":"<p><a class=\"dt-pswp-item\" href=\"https:\/\/www.adufpb.org.br\/site\/wp-content\/uploads\/2026\/09\/2026.09.08-reuniao-vagas-docentes.jpeg\" data-dt-img-description=\"\" data-large_image_width=\"1077\" data-large_image_height=\"1073\"><img loading=\"lazy\" decoding=\"async\" class=\"alignright size-medium wp-image-36872\" src=\"https:\/\/www.adufpb.org.br\/site\/wp-content\/uploads\/2026\/09\/2026.09.08-reuniao-vagas-docentes-300x300.jpeg\" alt=\"\" width=\"300\" height=\"300\" srcset=\"https:\/\/www.adufpb.org.br\/site\/wp-content\/uploads\/2026\/09\/2026.09.08-reuniao-vagas-docentes-300x300.jpeg 300w, https:\/\/www.adufpb.org.br\/site\/wp-content\/uploads\/2026\/09\/2026.09.08-reuniao-vagas-docentes-1024x1020.jpeg 1024w, https:\/\/www.adufpb.org.br\/site\/wp-content\/uploads\/2026\/09\/2026.09.08-reuniao-vagas-docentes-150x150.jpeg 150w, https:\/\/www.adufpb.org.br\/site\/wp-content\/uploads\/2026\/09\/2026.09.08-reuniao-vagas-docentes-768x765.jpeg 768w, https:\/\/www.adufpb.org.br\/site\/wp-content\/uploads\/2026\/09\/2026.09.08-reuniao-vagas-docentes-250x249.jpeg 250w, https:\/\/www.adufpb.org.br\/site\/wp-content\/uploads\/2026\/09\/2026.09.08-reuniao-vagas-docentes.jpeg 1077w\" sizes=\"auto, (max-width: 300px) 100vw, 300px\" \/><\/a>A ADUFPB est\u00e1 convocando os(as) sindicalizados(as) para uma reuni\u00e3o na pr\u00f3xima ter\u00e7a-feira (8) com o objetivo de tratar de mudan\u00e7as nas regras de aloca\u00e7\u00e3o de vagas docentes na UFPB. A atividade ocorrer\u00e1 na sede administrativa do sindicato, localizada no Centro de Viv\u00eancia do campus I, a partir das 9h.<\/p>\n<p>De acordo com o tesoureiro da ADUFPB, professor Edson Franco, as vagas autorizadas pelo Minist\u00e9rio da Educa\u00e7\u00e3o (MEC) para contrata\u00e7\u00e3o de docentes na UFPB s\u00e3o destinadas aos Departamentos, mas, recentemente, a Reitoria criou uma comiss\u00e3o para tratar da distribui\u00e7\u00e3o desses postos. \u201cNa pr\u00e1tica, segundo o que foi discutido nessa comiss\u00e3o, as vagas passariam a n\u00e3o pertencer mais aos Departamentos e iriam para a Reitoria\u201d, explica Edson Franco.<\/p>\n<p>A administra\u00e7\u00e3o alega que, ao solicitar ao MEC a libera\u00e7\u00e3o de vagas para concursos na UFPB, est\u00e1 recebendo como resposta a informa\u00e7\u00e3o de que existem vagas sobrando na universidade. Desta forma, a partir da comiss\u00e3o formada para reavaliar a distribui\u00e7\u00e3o dos postos de trabalho, foi criada uma minuta de documento para direcionar os concursos, obedecendo a requisitos e \u00edndices definidos pela comiss\u00e3o.<\/p>\n<p>Entretanto, essa proposta tem desagradado os departamentos da UFPB, que temem perder vagas e querem uma discuss\u00e3o maior com todos os setores. \u201cA ADUFPB quer ouvir a base sobre esse tema, por isso decidimos realizar essa reuni\u00e3o na pr\u00f3xima ter\u00e7a-feira para tratar sobre a minuta, que j\u00e1 est\u00e1 sendo distribu\u00edda pela Pr\u00f3-reitoria de Planejamento e Desenvolvimento [Proplan]\u201d, explica Edson Franco.<\/p>\n<p>Segundo ele, o sindicato busca solu\u00e7\u00e3o para o impasse que se formou. \u201cEsperamos ouvir os sindicalizados a respeito dessa quest\u00e3o, saber o que elas e eles t\u00eam a falar sobre essa distribui\u00e7\u00e3o, para que a gente possa marcar uma reuni\u00e3o com a Reitora e levar os pontos de insatisfa\u00e7\u00e3o\u201d, conclui o tesoureiro da ADUFPB.<\/p>\n<p><em>Fonte: Ascom ADUFPB<\/em><\/p>\n","protected":false},"excerpt":{"rendered":"<p>A ADUFPB est\u00e1 convocando os(as) sindicalizados(as) para uma reuni\u00e3o na pr\u00f3xima ter\u00e7a-feira (8) com o objetivo de tratar de mudan\u00e7as nas regras de aloca\u00e7\u00e3o de vagas docentes na UFPB. A atividade ocorrer\u00e1 na sede administrativa do sindicato, localizada no Centro de Viv\u00eancia do campus I, a partir das 9h. De acordo com o tesoureiro da&hellip;<\/p>\n","protected":false},"author":3,"featured_media":36872,"comment_status":"closed","ping_status":"closed","sticky":false,"template":"","format":"standard","meta":{"footnotes":""},"categories":[1405],"tags":[942,71,1883,387,567,1882],"class_list":["post-36871","post","type-post","status-publish","format-standard","has-post-thumbnail","hentry","category-chamada-principal","tag-docentes","tag-mec","tag-proplan","tag-reitoria","tag-reuniao","tag-vagas","category-1405","description-off"],"_links":{"self":[{"href":"https:\/\/www.adufpb.org.br\/site\/wp-json\/wp\/v2\/posts\/36871","targetHints":{"allow":["GET"]}}],"collection":[{"href":"https:\/\/www.adufpb.org.br\/site\/wp-json\/wp\/v2\/posts"}],"about":[{"href":"https:\/\/www.adufpb.org.br\/site\/wp-json\/wp\/v2\/types\/post"}],"author":[{"embeddable":true,"href":"https:\/\/www.adufpb.org.br\/site\/wp-json\/wp\/v2\/users\/3"}],"replies":[{"embeddable":true,"href":"https:\/\/www.adufpb.org.br\/site\/wp-json\/wp\/v2\/comments?post=36871"}],"version-history":[{"count":1,"href":"https:\/\/www.adufpb.org.br\/site\/wp-json\/wp\/v2\/posts\/36871\/revisions"}],"predecessor-version":[{"id":36873,"href":"https:\/\/www.adufpb.org.br\/site\/wp-json\/wp\/v2\/posts\/36871\/revisions\/36873"}],"wp:featuredmedia":[{"embeddable":true,"href":"https:\/\/www.adufpb.org.br\/site\/wp-json\/wp\/v2\/media\/36872"}],"wp:attachment":[{"href":"https:\/\/www.adufpb.org.br\/site\/wp-json\/wp\/v2\/media?parent=36871"}],"wp:term":[{"taxonomy":"category","embeddable":true,"href":"https:\/\/www.adufpb.org.br\/site\/wp-json\/wp\/v2\/categories?post=36871"},{"taxonomy":"post_tag","embeddable":true,"href":"https:\/\/www.adufpb.org.br\/site\/wp-json\/wp\/v2\/tags?post=36871"}],"curies":[{"name":"wp","href":"https:\/\/api.w.org\/{rel}","templated":true}]}}