{"id":36868,"date":"2026-09-03T10:20:25","date_gmt":"2026-09-03T13:20:25","guid":{"rendered":"https:\/\/www.adufpb.org.br\/site\/?p=36868"},"modified":"2026-09-03T10:20:25","modified_gmt":"2026-09-03T13:20:25","slug":"orquestra-realiza-inscricoes-no-dia-10-de-setembro-para-curso-coletivo-de-violao-na-ufpb","status":"publish","type":"post","link":"https:\/\/www.adufpb.org.br\/site\/orquestra-realiza-inscricoes-no-dia-10-de-setembro-para-curso-coletivo-de-violao-na-ufpb\/","title":{"rendered":"Orquestra realiza inscri\u00e7\u00f5es, no dia 10 de setembro, para curso coletivo de viol\u00e3o na UFPB"},"content":{"rendered":"<p><span style=\"font-weight: 400;\"><a class=\"dt-pswp-item\" href=\"https:\/\/www.adufpb.org.br\/site\/wp-content\/uploads\/2026\/09\/2026.09-curso-coletivo-de-violao.jpeg\" data-dt-img-description=\"\" data-large_image_width=\"1080\" data-large_image_height=\"1350\"><img loading=\"lazy\" decoding=\"async\" class=\"alignright size-medium wp-image-36869\" src=\"https:\/\/www.adufpb.org.br\/site\/wp-content\/uploads\/2026\/09\/2026.09-curso-coletivo-de-violao-240x300.jpeg\" alt=\"\" width=\"240\" height=\"300\" \/><\/a>A Orquestra de Viol\u00f5es da Para\u00edba (OVPB) realizar\u00e1, no dia 10 de setembro, as inscri\u00e7\u00f5es presenciais para novas turmas do Curso Coletivo de Viol\u00e3o para Iniciantes, projeto de extens\u00e3o da UFPB. O curso \u00e9 aberto \u00e0 comunidade em geral, para pessoas a partir de 12 anos, com turmas nos turnos da manh\u00e3 e da tarde.<\/span><\/p>\n<p><span style=\"font-weight: 400;\">Os alunos novatos poder\u00e3o se inscrever, no pr\u00f3ximo dia 10, na sala 25 do pr\u00e9dio novo do Departamento de M\u00fasica da UFPB (Demus), das 9h \u00e0s 12h e das 14h \u00e0s 17h. As vagas para o m\u00f3dulo I ser\u00e3o preenchidas por ordem de chegada, sem reserva de vagas, e \u00e9 cobrada uma taxa \u00fanica de R$ 80.<\/span><\/p>\n<p><span style=\"font-weight: 400;\">J\u00e1 a rematr\u00edcula dos alunos veteranos ser\u00e1 realizada remotamente, por meio de formul\u00e1rio do Google Forms, encaminhado pela equipe do projeto aos alunos que conclu\u00edram os m\u00f3dulos I e II no primeiro semestre de 2026.<\/span><\/p>\n<p><span style=\"font-weight: 400;\">O curso \u00e9 organizado em tr\u00eas m\u00f3dulos progressivos de inicia\u00e7\u00e3o ao viol\u00e3o, contemplando diferentes etapas do processo de aprendizagem do instrumento. As aulas ter\u00e3o in\u00edcio na semana de 14 a 18 de setembro.\u00a0<\/span><\/p>\n<p><span style=\"font-weight: 400;\">Mais informa\u00e7\u00f5es sobre turmas, hor\u00e1rios, vagas e todas as orienta\u00e7\u00f5es para a inscri\u00e7\u00e3o est\u00e3o dispon\u00edveis no edital de abertura do curso, que se encontra no perfil @orquestradevioloespb, no Instagram, ou ainda pelo e-mail ovpb@emo.ufpb.br e o telefone (83) 3048-8507.<\/span><\/p>\n<p><em>Fonte: Divulga\u00e7\u00e3o\/OVPB<\/em><\/p>\n","protected":false},"excerpt":{"rendered":"<p>A Orquestra de Viol\u00f5es da Para\u00edba (OVPB) realizar\u00e1, no dia 10 de setembro, as inscri\u00e7\u00f5es presenciais para novas turmas do Curso Coletivo de Viol\u00e3o para Iniciantes, projeto de extens\u00e3o da UFPB. O curso \u00e9 aberto \u00e0 comunidade em geral, para pessoas a partir de 12 anos, com turmas nos turnos da manh\u00e3 e da tarde.&hellip;<\/p>\n","protected":false},"author":3,"featured_media":36869,"comment_status":"closed","ping_status":"closed","sticky":false,"template":"","format":"standard","meta":{"footnotes":""},"categories":[1405],"tags":[1861,1881],"class_list":["post-36868","post","type-post","status-publish","format-standard","has-post-thumbnail","hentry","category-chamada-principal","tag-curso-de-violao","tag-demus","category-1405","description-off"],"_links":{"self":[{"href":"https:\/\/www.adufpb.org.br\/site\/wp-json\/wp\/v2\/posts\/36868","targetHints":{"allow":["GET"]}}],"collection":[{"href":"https:\/\/www.adufpb.org.br\/site\/wp-json\/wp\/v2\/posts"}],"about":[{"href":"https:\/\/www.adufpb.org.br\/site\/wp-json\/wp\/v2\/types\/post"}],"author":[{"embeddable":true,"href":"https:\/\/www.adufpb.org.br\/site\/wp-json\/wp\/v2\/users\/3"}],"replies":[{"embeddable":true,"href":"https:\/\/www.adufpb.org.br\/site\/wp-json\/wp\/v2\/comments?post=36868"}],"version-history":[{"count":1,"href":"https:\/\/www.adufpb.org.br\/site\/wp-json\/wp\/v2\/posts\/36868\/revisions"}],"predecessor-version":[{"id":36870,"href":"https:\/\/www.adufpb.org.br\/site\/wp-json\/wp\/v2\/posts\/36868\/revisions\/36870"}],"wp:featuredmedia":[{"embeddable":true,"href":"https:\/\/www.adufpb.org.br\/site\/wp-json\/wp\/v2\/media\/36869"}],"wp:attachment":[{"href":"https:\/\/www.adufpb.org.br\/site\/wp-json\/wp\/v2\/media?parent=36868"}],"wp:term":[{"taxonomy":"category","embeddable":true,"href":"https:\/\/www.adufpb.org.br\/site\/wp-json\/wp\/v2\/categories?post=36868"},{"taxonomy":"post_tag","embeddable":true,"href":"https:\/\/www.adufpb.org.br\/site\/wp-json\/wp\/v2\/tags?post=36868"}],"curies":[{"name":"wp","href":"https:\/\/api.w.org\/{rel}","templated":true}]}}