{"id":36860,"date":"2026-09-02T11:00:00","date_gmt":"2026-09-02T14:00:00","guid":{"rendered":"https:\/\/www.adufpb.org.br\/site\/?p=36860"},"modified":"2026-09-02T11:00:00","modified_gmt":"2026-09-02T14:00:00","slug":"nova-diretoria-executiva-da-adufpb-toma-posse-nesta-quinta-feira-3-em-cerimonia-na-sede-sociocultural","status":"publish","type":"post","link":"https:\/\/www.adufpb.org.br\/site\/nova-diretoria-executiva-da-adufpb-toma-posse-nesta-quinta-feira-3-em-cerimonia-na-sede-sociocultural\/","title":{"rendered":"Nova Diretoria Executiva da ADUFPB toma posse nesta quinta-feira (3), em cerim\u00f4nia na sede sociocultural"},"content":{"rendered":"<p><a class=\"dt-pswp-item\" href=\"https:\/\/www.adufpb.org.br\/site\/wp-content\/uploads\/2026\/08\/WhatsApp-Image-2026-08-18-at-09.23.05.jpeg\" data-dt-img-description=\"\" data-large_image_width=\"1600\" data-large_image_height=\"1135\"><img loading=\"lazy\" decoding=\"async\" class=\"alignright size-medium wp-image-36833\" src=\"https:\/\/www.adufpb.org.br\/site\/wp-content\/uploads\/2026\/08\/WhatsApp-Image-2026-08-18-at-09.23.05-300x213.jpeg\" alt=\"\" width=\"300\" height=\"213\" srcset=\"https:\/\/www.adufpb.org.br\/site\/wp-content\/uploads\/2026\/08\/WhatsApp-Image-2026-08-18-at-09.23.05-300x213.jpeg 300w, https:\/\/www.adufpb.org.br\/site\/wp-content\/uploads\/2026\/08\/WhatsApp-Image-2026-08-18-at-09.23.05-1024x726.jpeg 1024w, https:\/\/www.adufpb.org.br\/site\/wp-content\/uploads\/2026\/08\/WhatsApp-Image-2026-08-18-at-09.23.05-768x545.jpeg 768w, https:\/\/www.adufpb.org.br\/site\/wp-content\/uploads\/2026\/08\/WhatsApp-Image-2026-08-18-at-09.23.05-1536x1090.jpeg 1536w, https:\/\/www.adufpb.org.br\/site\/wp-content\/uploads\/2026\/08\/WhatsApp-Image-2026-08-18-at-09.23.05-250x177.jpeg 250w, https:\/\/www.adufpb.org.br\/site\/wp-content\/uploads\/2026\/08\/WhatsApp-Image-2026-08-18-at-09.23.05.jpeg 1600w\" sizes=\"auto, (max-width: 300px) 100vw, 300px\" \/><\/a>Nesta quinta-feira (3), a ADUFPB realiza a cerim\u00f4nia de posse da nova Diretoria Executiva para o bi\u00eanio 2026\/2028. A partir das 18h30, a sede sociocultural da entidade, em Cabo Branco, ser\u00e1 palco da transmiss\u00e3o de cargos que marca o in\u00edcio de uma nova etapa na luta em defesa da doc\u00eancia, da universidade p\u00fablica e da democracia.<\/p>\n<p>A cerim\u00f4nia reunir\u00e1 professoras e professores, autoridades, parlamentares, movimentos sociais e representantes dos diversos segmentos da UFPB. A nova gest\u00e3o ser\u00e1 conduzida pelo professor Leonildo Santos do Nascimento J\u00fanior, que assume a presid\u00eancia, e pela professora Carla Pereira dos Santos, vice-presidenta.<\/p>\n<p>Eleita em 29 de julho, a Chapa 2 \u2013 \u201cDoc\u00eancia, Diversidade e Democracia\u201d recebeu 643 votos e venceu uma elei\u00e7\u00e3o que mobilizou docentes dos quatro campi da UFPB.<\/p>\n<p>Confira abaixo a nova composi\u00e7\u00e3o completa da Diretoria Executiva da ADUFPB para os pr\u00f3ximos dois anos:<\/p>\n<p><strong>Presidente<\/strong><br \/>\nLeonildo Santos do Nascimento J\u00fanior (CCS \u2013 DFISIO)<\/p>\n<p><strong>Vice-presidente<\/strong><br \/>\nCarla Pereira dos Santos (CCTA \u2013 DEM)<\/p>\n<p><strong>Secret\u00e1rio(a) Geral<\/strong><br \/>\nMarisa Adriane Dulcini Demarzo (CPT \u2013 DRPAS)<\/p>\n<p><strong>Tesoureiro<\/strong><br \/>\nEdson Franco de Moraes (CCSA \u2013 DFC)<\/p>\n<p><strong>Diretor(a) de Pol\u00edtica Sindical<\/strong><br \/>\nNilvania dos Santos Silva (CE \u2013 DEC)<\/p>\n<p><strong>Diretor(a) de Pol\u00edtica Social<\/strong><br \/>\nMaria Bernardete da N\u00f3brega (CCHLA \u2013 DLCV)<\/p>\n<p><strong>Diretor(a) de Pol\u00edtica Educacional e Cient\u00edfica<\/strong><br \/>\nMaria Helena Ribeiro Maciel (CE \u2013 DHP)<\/p>\n<p><strong>Diretor(a) Cultural<\/strong><br \/>\nCarlos An\u00edsio de Oliveira e Silva (CCTA \u2013 DEMUS)<\/p>\n<p><strong>Diretor(a) de Divulga\u00e7\u00e3o e Comunica\u00e7\u00e3o<\/strong><br \/>\nBaltazar Maca\u00edba de Sousa (CCAE \u2013 DCS)<\/p>\n<p><strong>Diretora(a) de Assuntos de Aposentadoria<\/strong><br \/>\nJos\u00e9 Ferreira da Costa Filho (CCA \u2013 DSENGR)<\/p>\n<p><strong>Diretor(a) da Secretaria-Adjunta do Campus de Areia<\/strong><br \/>\nRoseilton Fernandes dos Santos (CCA \u2013 DSENGR)<\/p>\n<p><strong>Suplente(a) da Secretaria-Adjunta do Campus de Areia<\/strong><br \/>\nMaur\u00edcio Javier de L\u00e9on (CCA \u2013 DSENGR)<\/p>\n<p><strong>Diretor(a) da Secretaria-Adjunta do Campus de Bananeiras<\/strong><br \/>\nGabriel de Medeiros Lima (CCHSA \u2013 DE)<\/p>\n<p><strong>Suplente(a) da Secretaria-Adjunta do Campus de Bananeiras<\/strong><br \/>\nElis\u00e2ndra Costa Almeida (CCHSA \u2013 DGTA)<\/p>\n<p><strong>Diretor(a) da Secretaria-Adjunta do Litoral Norte (Mamanguape e Rio Tinto)<\/strong><br \/>\nNilton Ferreira Bittencourt Junior (CCAE \u2013 DED)<\/p>\n<p><strong>Suplente da Secretaria-Adjunta do Litoral Norte (Mamanguape e Rio Tinto)<\/strong><br \/>\nSaulo Emmanuel Vieira Maciel (CCAE \u2013 DCSA)<\/p>\n<p><strong>Suplente da Secretaria Geral<\/strong><br \/>\nElisangela de Oliveira In\u00e1cio (CCHLA \u2013 DSS)<\/p>\n<p><strong>Suplente da Tesouraria<\/strong><br \/>\nJamilton Alves Farias (CCS \u2013 DENC)<\/p>\n<p><em>Fonte: Ascom ADUFPB<\/em><\/p>\n","protected":false},"excerpt":{"rendered":"<p>Nesta quinta-feira (3), a ADUFPB realiza a cerim\u00f4nia de posse da nova Diretoria Executiva para o bi\u00eanio 2026\/2028. A partir das 18h30, a sede sociocultural da entidade, em Cabo Branco, ser\u00e1 palco da transmiss\u00e3o de cargos que marca o in\u00edcio de uma nova etapa na luta em defesa da doc\u00eancia, da universidade p\u00fablica e da&hellip;<\/p>\n","protected":false},"author":3,"featured_media":32253,"comment_status":"closed","ping_status":"closed","sticky":false,"template":"","format":"standard","meta":{"footnotes":""},"categories":[1405],"tags":[368,680],"class_list":["post-36860","post","type-post","status-publish","format-standard","has-post-thumbnail","hentry","category-chamada-principal","tag-diretoria-executiva","tag-posse","category-1405","description-off"],"_links":{"self":[{"href":"https:\/\/www.adufpb.org.br\/site\/wp-json\/wp\/v2\/posts\/36860","targetHints":{"allow":["GET"]}}],"collection":[{"href":"https:\/\/www.adufpb.org.br\/site\/wp-json\/wp\/v2\/posts"}],"about":[{"href":"https:\/\/www.adufpb.org.br\/site\/wp-json\/wp\/v2\/types\/post"}],"author":[{"embeddable":true,"href":"https:\/\/www.adufpb.org.br\/site\/wp-json\/wp\/v2\/users\/3"}],"replies":[{"embeddable":true,"href":"https:\/\/www.adufpb.org.br\/site\/wp-json\/wp\/v2\/comments?post=36860"}],"version-history":[{"count":1,"href":"https:\/\/www.adufpb.org.br\/site\/wp-json\/wp\/v2\/posts\/36860\/revisions"}],"predecessor-version":[{"id":36861,"href":"https:\/\/www.adufpb.org.br\/site\/wp-json\/wp\/v2\/posts\/36860\/revisions\/36861"}],"wp:featuredmedia":[{"embeddable":true,"href":"https:\/\/www.adufpb.org.br\/site\/wp-json\/wp\/v2\/media\/32253"}],"wp:attachment":[{"href":"https:\/\/www.adufpb.org.br\/site\/wp-json\/wp\/v2\/media?parent=36860"}],"wp:term":[{"taxonomy":"category","embeddable":true,"href":"https:\/\/www.adufpb.org.br\/site\/wp-json\/wp\/v2\/categories?post=36860"},{"taxonomy":"post_tag","embeddable":true,"href":"https:\/\/www.adufpb.org.br\/site\/wp-json\/wp\/v2\/tags?post=36860"}],"curies":[{"name":"wp","href":"https:\/\/api.w.org\/{rel}","templated":true}]}}